{"id":161945,"date":"2020-06-08T17:33:43","date_gmt":"2020-06-08T20:33:43","guid":{"rendered":"https:\/\/diarioregionaldigital.com.br\/?p=161945"},"modified":"2020-06-08T17:33:43","modified_gmt":"2020-06-08T20:33:43","slug":"comboio-contra-covid-19-notifica-food-truck-que-atraia-mais-de-cem-pessoas","status":"publish","type":"post","link":"https:\/\/diarioregionaldigital.com.br\/?p=161945","title":{"rendered":"Comboio contra covid-19 notifica food truck que atra\u00eda mais de cem pessoas"},"content":{"rendered":"<p><span style=\"font-weight: 400;\">Durante opera\u00e7\u00e3o noturna no s\u00e1bado (6), um food truck que funcionava irregularmente em posto de gasolina, no Bairro Cascatinha, causando concentra\u00e7\u00e3o de mais de cem pessoas, foi notificado. Esta \u00e9 a segunda semana seguida em que a Prefeitura de Juiz de Fora (PJF) realiza a\u00e7\u00f5es de preven\u00e7\u00e3o e fiscaliza\u00e7\u00e3o relacionadas ao coronav\u00edrus durante o fim de semana. Entre a sexta-feira (5), e domingo (7), as equipes fizeram dilig\u00eancias a seis locais diferentes, verificando o cumprimento, por parte do com\u00e9rcio, das medidas legais estabelecidas pelo Decreto Municipal 13.959.<\/span><\/p>\n<p><span style=\"font-weight: 400;\">S\u00e3o Pedro, Aeroporto, Santa Luzia, Benfica e Centro foram os bairros visitados pela organiza\u00e7\u00e3o do comboio. O Cascatinha n\u00e3o estava na agenda da noite de s\u00e1bado. Todavia, enquanto as equipes realizavam seu roteiro de inspe\u00e7\u00e3o, muitos telefonemas eram recebidos na central da Guarda Municipal. As den\u00fancias apontavam para grande aglomera\u00e7\u00e3o de pessoas em posto de gasolina, na Avenida Dr. Paulo Japiassu Coelho. O caso foi verificado e o com\u00e9rcio de alimentos encerrado. Alguns clientes ficaram exaltados, mas n\u00e3o houve registro de problemas. Conforme a \u201conda verde\u201d do programa &#8220;Minas Consciente, trailers n\u00e3o est\u00e3o na lista de estabelecimentos autorizados a funcionar.<\/span><\/p>\n<p><span style=\"font-weight: 400;\">A a\u00e7\u00e3o noturna encontrou tamb\u00e9m v\u00e1rios estabelecimentos comerciais em funcionamento ap\u00f3s \u00e0s 19 horas, nos bairros S\u00e3o Pedro e Santa Luzia. Os propriet\u00e1rios foram notificados sobre a necessidade de adequa\u00e7\u00e3o \u00e0 lei, que imp\u00f5e o hor\u00e1rio limite para o ramo de bares, restaurantes e lanchonetes. Depois das 19 horas, \u00e9 autorizado atendimento apenas na modalidade de delivery.<\/span><\/p>\n<p><span style=\"font-weight: 400;\">Na feira livre de Benfica, realizada no s\u00e1bado (6), pela manh\u00e3, o trabalho teve o cunho educativo ressaltado. Agentes de endemias da SS, t\u00e9cnicos da Defesa Civil, bombeiros, guardas municipais e agentes de transporte e tr\u00e2nsito atuaram junto \u00e0 popula\u00e7\u00e3o e feirantes, orientando sobre a necessidade do distanciamento social e do uso de m\u00e1scara para prote\u00e7\u00e3o de todos. As pessoas que se encontravam sem a prote\u00e7\u00e3o, receberam uma para uso imediato.<\/span><\/p>\n<p><span style=\"font-weight: 400;\">O com\u00e9rcio ambulante tamb\u00e9m foi alvo dos trabalhos. Na manh\u00e3 de domingo, a pr\u00e1tica de com\u00e9rcio irregular na Avenida Brasil, pr\u00f3ximo \u00e0 ponte da Rua Halfeld, esteve no foco das a\u00e7\u00f5es. O trabalho feito minimizar a concentra\u00e7\u00e3o de pessoas na regi\u00e3o. Para evitar a montagem de barracas, a Guarda Municipal realizou rondas em todo o per\u00edodo da madrugada. A partir das 7 horas, fiscais de posturas e agentes de transporte e tr\u00e2nsito estiveram tamb\u00e9m no local.<\/span><\/p>\n<p><span style=\"font-weight: 400;\">O comboio, &#8220;Da Vida, Pela Vida&#8221;, foi criado como instrumento de refor\u00e7o da inser\u00e7\u00e3o dos servi\u00e7os da Prefeitura nas regi\u00f5es monitoradas com maior \u00edndice de descumprimento \u00e0s medidas de isolamento e \u00e0s regras de funcionamento do com\u00e9rcio. Em todas as edi\u00e7\u00f5es, os ve\u00edculos dos setores envolvidos realizam deslocamento em conjunto, com emiss\u00e3o de mensagem sonora por todo o caminho. A inten\u00e7\u00e3o \u00e9 lembrar \u00e0 comunidade que o momento exige cuidados preventivos e cumprimento \u00e0s determina\u00e7\u00f5es legais.<\/span><\/p>\n","protected":false},"excerpt":{"rendered":"<p>Durante opera\u00e7\u00e3o noturna no s\u00e1bado (6), um food truck que funcionava irregularmente em posto de gasolina, no Bairro Cascatinha, causando concentra\u00e7\u00e3o de mais de cem pessoas, foi notificado. Esta \u00e9 a segunda semana seguida em que a Prefeitura de Juiz de Fora (PJF) realiza a\u00e7\u00f5es de preven\u00e7\u00e3o e fiscaliza\u00e7\u00e3o relacionadas ao coronav\u00edrus durante o fim [&hellip;]<\/p>\n","protected":false},"author":96,"featured_media":161946,"comment_status":"closed","ping_status":"closed","sticky":false,"template":"","format":"standard","meta":{"footnotes":""},"categories":[253,436,439],"tags":[],"class_list":["post-161945","post","type-post","status-publish","format-standard","has-post-thumbnail","hentry","category-cidade","category-destaque-da-semana","category-ultima-hora"],"_links":{"self":[{"href":"https:\/\/diarioregionaldigital.com.br\/index.php?rest_route=\/wp\/v2\/posts\/161945","targetHints":{"allow":["GET"]}}],"collection":[{"href":"https:\/\/diarioregionaldigital.com.br\/index.php?rest_route=\/wp\/v2\/posts"}],"about":[{"href":"https:\/\/diarioregionaldigital.com.br\/index.php?rest_route=\/wp\/v2\/types\/post"}],"author":[{"embeddable":true,"href":"https:\/\/diarioregionaldigital.com.br\/index.php?rest_route=\/wp\/v2\/users\/96"}],"replies":[{"embeddable":true,"href":"https:\/\/diarioregionaldigital.com.br\/index.php?rest_route=%2Fwp%2Fv2%2Fcomments&post=161945"}],"version-history":[{"count":0,"href":"https:\/\/diarioregionaldigital.com.br\/index.php?rest_route=\/wp\/v2\/posts\/161945\/revisions"}],"wp:featuredmedia":[{"embeddable":true,"href":"https:\/\/diarioregionaldigital.com.br\/index.php?rest_route=\/wp\/v2\/media\/161946"}],"wp:attachment":[{"href":"https:\/\/diarioregionaldigital.com.br\/index.php?rest_route=%2Fwp%2Fv2%2Fmedia&parent=161945"}],"wp:term":[{"taxonomy":"category","embeddable":true,"href":"https:\/\/diarioregionaldigital.com.br\/index.php?rest_route=%2Fwp%2Fv2%2Fcategories&post=161945"},{"taxonomy":"post_tag","embeddable":true,"href":"https:\/\/diarioregionaldigital.com.br\/index.php?rest_route=%2Fwp%2Fv2%2Ftags&post=161945"}],"curies":[{"name":"wp","href":"https:\/\/api.w.org\/{rel}","templated":true}]}}