{"id":161940,"date":"2020-06-08T17:21:42","date_gmt":"2020-06-08T20:21:42","guid":{"rendered":"https:\/\/diarioregionaldigital.com.br\/?p=161940"},"modified":"2020-06-08T17:26:28","modified_gmt":"2020-06-08T20:26:28","slug":"pm-encontra-dois-quilos-de-maconha-em-motocicleta","status":"publish","type":"post","link":"https:\/\/diarioregionaldigital.com.br\/?p=161940","title":{"rendered":"PM encontra tr\u00eas quilos de maconha em motocicleta"},"content":{"rendered":"<p><span style=\"font-weight: 400;\">A Pol\u00edcia Militar (PM) realizava um patrulhamento pela Rua Esp\u00edrito Santo, na regi\u00e3o central de Juiz de Fora, quando se deparou com uma motocicleta de cor dourada, ocupada por um jovem de 21 anos e uma adolescente de 16. Ao notar a presen\u00e7a policial, o condutor ficou nervoso com a situa\u00e7\u00e3o e se comportou de forma suspeita.<\/span><\/p>\n<p><span style=\"font-weight: 400;\">Diante dos fatos, a PM cercou e abordou referido ve\u00edculo, ordenando que o carona sa\u00edsse primeiro, sendo constatado que era uma adolescente de 16 anos. Ao deixar o ve\u00edculo, os policiais notaram que havia uma blusa de frio escondida entre ela e o condutor. Depois de uma r\u00e1pida visualiza\u00e7\u00e3o, a adolescente foi perguntada se estaria com algo escondido e ap\u00f3s buscas pessoais, nada de il\u00edcito foi encontrado.<\/span><\/p>\n<p><span style=\"font-weight: 400;\">O condutor tamb\u00e9m foi submetido a buscas pessoais e nada foi encontrado com ele. Ao fiscalizar a referida blusa que estava na motocicleta, os policiais encontraram duas barras de maconha, com peso de aproximadamente 3 Kg. Ao ser questionado sobre o material, o condutor respondeu em voz alta que n\u00e3o era dele e o mesmo tentou convencer os policiais de que a droga pertencia a carona.<\/span><\/p>\n<p><span style=\"font-weight: 400;\">Ap\u00f3s o fato, os dois foram separados e em conversa com a guarni\u00e7\u00e3o, a menor infratora afirmou que o material pertencia ao jovem e que o mesmo a chamou para andar de moto com ele, pois se estivesse sozinho, chamaria aten\u00e7\u00e3o de pessoas que passavam pelo local. A adolescente relata que a droga seria levada para uma resid\u00eancia no Bairro Santo Ant\u00f4nio (Regi\u00e3o Leste).<\/span><\/p>\n<p><span style=\"font-weight: 400;\">Diante dos fatos, os autores foram presos em flagrante, sendo que a motocicleta foi apreendida por envolvimento no crime. Os autores junto com os materiais, foram encaminhados para a Delegacia da Pol\u00edcia Civil, para devidas provid\u00eancias.<\/span><\/p>\n","protected":false},"excerpt":{"rendered":"<p>A Pol\u00edcia Militar (PM) realizava um patrulhamento pela Rua Esp\u00edrito Santo, na regi\u00e3o central de Juiz de Fora, quando se deparou com uma motocicleta de cor dourada, ocupada por um jovem de 21 anos e uma adolescente de 16. Ao notar a presen\u00e7a policial, o condutor ficou nervoso com a situa\u00e7\u00e3o e se comportou de [&hellip;]<\/p>\n","protected":false},"author":96,"featured_media":161941,"comment_status":"closed","ping_status":"closed","sticky":false,"template":"","format":"standard","meta":{"footnotes":""},"categories":[301,436,439],"tags":[],"class_list":["post-161940","post","type-post","status-publish","format-standard","has-post-thumbnail","hentry","category-artigos-policiais","category-destaque-da-semana","category-ultima-hora"],"_links":{"self":[{"href":"https:\/\/diarioregionaldigital.com.br\/index.php?rest_route=\/wp\/v2\/posts\/161940","targetHints":{"allow":["GET"]}}],"collection":[{"href":"https:\/\/diarioregionaldigital.com.br\/index.php?rest_route=\/wp\/v2\/posts"}],"about":[{"href":"https:\/\/diarioregionaldigital.com.br\/index.php?rest_route=\/wp\/v2\/types\/post"}],"author":[{"embeddable":true,"href":"https:\/\/diarioregionaldigital.com.br\/index.php?rest_route=\/wp\/v2\/users\/96"}],"replies":[{"embeddable":true,"href":"https:\/\/diarioregionaldigital.com.br\/index.php?rest_route=%2Fwp%2Fv2%2Fcomments&post=161940"}],"version-history":[{"count":0,"href":"https:\/\/diarioregionaldigital.com.br\/index.php?rest_route=\/wp\/v2\/posts\/161940\/revisions"}],"wp:featuredmedia":[{"embeddable":true,"href":"https:\/\/diarioregionaldigital.com.br\/index.php?rest_route=\/wp\/v2\/media\/161941"}],"wp:attachment":[{"href":"https:\/\/diarioregionaldigital.com.br\/index.php?rest_route=%2Fwp%2Fv2%2Fmedia&parent=161940"}],"wp:term":[{"taxonomy":"category","embeddable":true,"href":"https:\/\/diarioregionaldigital.com.br\/index.php?rest_route=%2Fwp%2Fv2%2Fcategories&post=161940"},{"taxonomy":"post_tag","embeddable":true,"href":"https:\/\/diarioregionaldigital.com.br\/index.php?rest_route=%2Fwp%2Fv2%2Ftags&post=161940"}],"curies":[{"name":"wp","href":"https:\/\/api.w.org\/{rel}","templated":true}]}}