{"id":161904,"date":"2020-06-08T11:13:45","date_gmt":"2020-06-08T14:13:45","guid":{"rendered":"https:\/\/diarioregionaldigital.com.br\/?p=161904"},"modified":"2020-06-08T11:13:45","modified_gmt":"2020-06-08T14:13:45","slug":"pcmg-apreende-15-kg-de-cocaina-em-cataguases","status":"publish","type":"post","link":"https:\/\/diarioregionaldigital.com.br\/?p=161904","title":{"rendered":"PCMG apreende 15 Kg de coca\u00edna em Cataguases"},"content":{"rendered":"<p>A Pol\u00edcia Civil de Minas Gerais (PCMG), desencadeou nesse domingo (7), uma opera\u00e7\u00e3o que resultou na <span style=\"font-weight: 400;\">pris\u00e3o de quatro pessoas, entre 24 e 40 anos, suspeitas de integrarem uma quadrilha que estaria atuando na pr\u00e1tica do tr\u00e1fico de drogas na cidade e regi\u00e3o. Na a\u00e7\u00e3o, foram apreendidos cerca de 15 quilos de coca\u00edna, dois ve\u00edculos, R$ 667 e outros materiais, em Cataguases.<\/span><\/p>\n<p>As apura\u00e7\u00f5es feitas pelos policiais, apontam que o grupo seria respons\u00e1vel por fornecer os materiais para todo o munic\u00edpio e para outras cidades da regi\u00e3o.<\/p>\n<p>Durante dilig\u00eancias, os dois suspeitos de 24 e 40 anos foram presos em flagrante delito, junto com duas mulheres de 38. Al\u00e9m dos materiais, os policiais apreenderam dois ve\u00edculos, dinheiro e outros objetos no local. Todos os envolvidos foram encaminhados ao sistema prisional, onde permanecem \u00e0 disposi\u00e7\u00e3o da Justi\u00e7a. A PCMG dar\u00e1 prosseguimento \u00e0s investiga\u00e7\u00f5es, para buscar outros envolvidos com a quadrilha.<\/p>\n","protected":false},"excerpt":{"rendered":"<p>A Pol\u00edcia Civil de Minas Gerais (PCMG), desencadeou nesse domingo (7), uma opera\u00e7\u00e3o que resultou na pris\u00e3o de quatro pessoas, entre 24 e 40 anos, suspeitas de integrarem uma quadrilha que estaria atuando na pr\u00e1tica do tr\u00e1fico de drogas na cidade e regi\u00e3o. Na a\u00e7\u00e3o, foram apreendidos cerca de 15 quilos de coca\u00edna, dois ve\u00edculos, [&hellip;]<\/p>\n","protected":false},"author":96,"featured_media":161905,"comment_status":"closed","ping_status":"closed","sticky":false,"template":"","format":"standard","meta":{"footnotes":""},"categories":[301,436,439],"tags":[],"class_list":["post-161904","post","type-post","status-publish","format-standard","has-post-thumbnail","hentry","category-artigos-policiais","category-destaque-da-semana","category-ultima-hora"],"_links":{"self":[{"href":"https:\/\/diarioregionaldigital.com.br\/index.php?rest_route=\/wp\/v2\/posts\/161904","targetHints":{"allow":["GET"]}}],"collection":[{"href":"https:\/\/diarioregionaldigital.com.br\/index.php?rest_route=\/wp\/v2\/posts"}],"about":[{"href":"https:\/\/diarioregionaldigital.com.br\/index.php?rest_route=\/wp\/v2\/types\/post"}],"author":[{"embeddable":true,"href":"https:\/\/diarioregionaldigital.com.br\/index.php?rest_route=\/wp\/v2\/users\/96"}],"replies":[{"embeddable":true,"href":"https:\/\/diarioregionaldigital.com.br\/index.php?rest_route=%2Fwp%2Fv2%2Fcomments&post=161904"}],"version-history":[{"count":0,"href":"https:\/\/diarioregionaldigital.com.br\/index.php?rest_route=\/wp\/v2\/posts\/161904\/revisions"}],"wp:featuredmedia":[{"embeddable":true,"href":"https:\/\/diarioregionaldigital.com.br\/index.php?rest_route=\/wp\/v2\/media\/161905"}],"wp:attachment":[{"href":"https:\/\/diarioregionaldigital.com.br\/index.php?rest_route=%2Fwp%2Fv2%2Fmedia&parent=161904"}],"wp:term":[{"taxonomy":"category","embeddable":true,"href":"https:\/\/diarioregionaldigital.com.br\/index.php?rest_route=%2Fwp%2Fv2%2Fcategories&post=161904"},{"taxonomy":"post_tag","embeddable":true,"href":"https:\/\/diarioregionaldigital.com.br\/index.php?rest_route=%2Fwp%2Fv2%2Ftags&post=161904"}],"curies":[{"name":"wp","href":"https:\/\/api.w.org\/{rel}","templated":true}]}}