{"id":161900,"date":"2020-06-08T11:04:35","date_gmt":"2020-06-08T14:04:35","guid":{"rendered":"https:\/\/diarioregionaldigital.com.br\/?p=161900"},"modified":"2020-06-08T11:05:06","modified_gmt":"2020-06-08T14:05:06","slug":"covid-19-estado-tem-380-mortes-confirmadas","status":"publish","type":"post","link":"https:\/\/diarioregionaldigital.com.br\/?p=161900","title":{"rendered":"Covid-19: estado tem 380 mortes confirmadas"},"content":{"rendered":"<p>O\u00a0<a href=\"https:\/\/www.saude.mg.gov.br\/images\/noticias_e_eventos\/000_2020\/Boletins_Corona\/Boletim_Epidemiologico_COVID-19_08.06.2020.pdf\">boletim epidemiol\u00f3gico<\/a> divulgado nesta segunda-feira (8) pela Secretaria de Estado da Sa\u00fade de Minas Gerais (SES-MG), aponta aumento de 376 para 380 mortes confirmadas por Coronav\u00edrus no estado, na compara\u00e7\u00e3o com o boletim de ontem (7).\u00a0 Segundo os dados atualizados, houve aumento de 15.703 para 15.883 casos confirmados e de 6.630 para 6.857 pacientes recuperados. Al\u00e9m disso, foram feitos 25.280 testes laboratoriais, sendo que 2.380 deram resultado positivo, 21.986 deram negativo para Coronav\u00edrus e 661 est\u00e3o sob an\u00e1lise.<\/p>\n<p>Segundo o boletim, dos 15.503 casos confirmados, 8.700 s\u00e3o do sexo masculino (56% dos casos) e 6.803 s\u00e3o do sexo feminino (44% dos casos). Quanto aos \u00f3bitos confirmados, 201 s\u00e3o do sexo masculino (53% dos casos) e 170 do feminino (47% dos casos).<\/p>\n<p>Os\u00a0dados atualizados\u00a0referentes a \u00f3bitos confirmados em Minas Gerais podem ser conferidos no anexo abaixo.<\/p>\n<p><a href=\"https:\/\/diarioregionaldigital.com.br\/wp-content\/uploads\/2020\/06\/OBITOS_CONF_COVID-19_MG_08.06.2020.xls\">OBITOS_CONF_COVID-19_MG_08.06.2020<\/a><\/p>\n","protected":false},"excerpt":{"rendered":"<p>O\u00a0boletim epidemiol\u00f3gico divulgado nesta segunda-feira (8) pela Secretaria de Estado da Sa\u00fade de Minas Gerais (SES-MG), aponta aumento de 376 para 380 mortes confirmadas por Coronav\u00edrus no estado, na compara\u00e7\u00e3o com o boletim de ontem (7).\u00a0 Segundo os dados atualizados, houve aumento de 15.703 para 15.883 casos confirmados e de 6.630 para 6.857 pacientes recuperados. [&hellip;]<\/p>\n","protected":false},"author":96,"featured_media":159081,"comment_status":"closed","ping_status":"closed","sticky":false,"template":"","format":"standard","meta":{"footnotes":""},"categories":[436,440,252,439],"tags":[],"class_list":["post-161900","post","type-post","status-publish","format-standard","has-post-thumbnail","hentry","category-destaque-da-semana","category-destaques-do-dia","category-regiao","category-ultima-hora"],"_links":{"self":[{"href":"https:\/\/diarioregionaldigital.com.br\/index.php?rest_route=\/wp\/v2\/posts\/161900","targetHints":{"allow":["GET"]}}],"collection":[{"href":"https:\/\/diarioregionaldigital.com.br\/index.php?rest_route=\/wp\/v2\/posts"}],"about":[{"href":"https:\/\/diarioregionaldigital.com.br\/index.php?rest_route=\/wp\/v2\/types\/post"}],"author":[{"embeddable":true,"href":"https:\/\/diarioregionaldigital.com.br\/index.php?rest_route=\/wp\/v2\/users\/96"}],"replies":[{"embeddable":true,"href":"https:\/\/diarioregionaldigital.com.br\/index.php?rest_route=%2Fwp%2Fv2%2Fcomments&post=161900"}],"version-history":[{"count":0,"href":"https:\/\/diarioregionaldigital.com.br\/index.php?rest_route=\/wp\/v2\/posts\/161900\/revisions"}],"wp:featuredmedia":[{"embeddable":true,"href":"https:\/\/diarioregionaldigital.com.br\/index.php?rest_route=\/wp\/v2\/media\/159081"}],"wp:attachment":[{"href":"https:\/\/diarioregionaldigital.com.br\/index.php?rest_route=%2Fwp%2Fv2%2Fmedia&parent=161900"}],"wp:term":[{"taxonomy":"category","embeddable":true,"href":"https:\/\/diarioregionaldigital.com.br\/index.php?rest_route=%2Fwp%2Fv2%2Fcategories&post=161900"},{"taxonomy":"post_tag","embeddable":true,"href":"https:\/\/diarioregionaldigital.com.br\/index.php?rest_route=%2Fwp%2Fv2%2Ftags&post=161900"}],"curies":[{"name":"wp","href":"https:\/\/api.w.org\/{rel}","templated":true}]}}