{"id":161898,"date":"2020-06-08T10:53:27","date_gmt":"2020-06-08T13:53:27","guid":{"rendered":"https:\/\/diarioregionaldigital.com.br\/?p=161898"},"modified":"2020-06-08T10:53:27","modified_gmt":"2020-06-08T13:53:27","slug":"suspeito-de-assassinar-esposa-e-preso-em-visconde-do-rio-branco","status":"publish","type":"post","link":"https:\/\/diarioregionaldigital.com.br\/?p=161898","title":{"rendered":"Suspeito de assassinar esposa \u00e9 preso em Visconde do Rio Branco"},"content":{"rendered":"<p>No domingo (7), a Pol\u00edcia Civil de Minas Gerais (PCMG), prendeu um homem de 34 anos, por assassinar a pr\u00f3pria esposa, crime ocorrido no dia 28 de maio em Visconde do Rio Branco. As investiga\u00e7\u00f5es apontam que a v\u00edtima foi morta com mais de dez facadas.<\/p>\n<p>A opera\u00e7\u00e3o obteve sucesso ap\u00f3s a PCMG ser acionada pelos parentes da v\u00edtima. Durante dilig\u00eancias, o autor foi preso e ser\u00e1 conduzido para o sistema prisional, <span style=\"font-weight: 400;\">permanecendo \u00e0 disposi\u00e7\u00e3o da Justi\u00e7a.<\/span><\/p>\n","protected":false},"excerpt":{"rendered":"<p>No domingo (7), a Pol\u00edcia Civil de Minas Gerais (PCMG), prendeu um homem de 34 anos, por assassinar a pr\u00f3pria esposa, crime ocorrido no dia 28 de maio em Visconde do Rio Branco. As investiga\u00e7\u00f5es apontam que a v\u00edtima foi morta com mais de dez facadas. A opera\u00e7\u00e3o obteve sucesso ap\u00f3s a PCMG ser acionada [&hellip;]<\/p>\n","protected":false},"author":96,"featured_media":161269,"comment_status":"closed","ping_status":"closed","sticky":false,"template":"","format":"standard","meta":{"footnotes":""},"categories":[301,436,439],"tags":[],"class_list":["post-161898","post","type-post","status-publish","format-standard","has-post-thumbnail","hentry","category-artigos-policiais","category-destaque-da-semana","category-ultima-hora"],"_links":{"self":[{"href":"https:\/\/diarioregionaldigital.com.br\/index.php?rest_route=\/wp\/v2\/posts\/161898","targetHints":{"allow":["GET"]}}],"collection":[{"href":"https:\/\/diarioregionaldigital.com.br\/index.php?rest_route=\/wp\/v2\/posts"}],"about":[{"href":"https:\/\/diarioregionaldigital.com.br\/index.php?rest_route=\/wp\/v2\/types\/post"}],"author":[{"embeddable":true,"href":"https:\/\/diarioregionaldigital.com.br\/index.php?rest_route=\/wp\/v2\/users\/96"}],"replies":[{"embeddable":true,"href":"https:\/\/diarioregionaldigital.com.br\/index.php?rest_route=%2Fwp%2Fv2%2Fcomments&post=161898"}],"version-history":[{"count":0,"href":"https:\/\/diarioregionaldigital.com.br\/index.php?rest_route=\/wp\/v2\/posts\/161898\/revisions"}],"wp:featuredmedia":[{"embeddable":true,"href":"https:\/\/diarioregionaldigital.com.br\/index.php?rest_route=\/wp\/v2\/media\/161269"}],"wp:attachment":[{"href":"https:\/\/diarioregionaldigital.com.br\/index.php?rest_route=%2Fwp%2Fv2%2Fmedia&parent=161898"}],"wp:term":[{"taxonomy":"category","embeddable":true,"href":"https:\/\/diarioregionaldigital.com.br\/index.php?rest_route=%2Fwp%2Fv2%2Fcategories&post=161898"},{"taxonomy":"post_tag","embeddable":true,"href":"https:\/\/diarioregionaldigital.com.br\/index.php?rest_route=%2Fwp%2Fv2%2Ftags&post=161898"}],"curies":[{"name":"wp","href":"https:\/\/api.w.org\/{rel}","templated":true}]}}