{"id":161889,"date":"2020-06-08T10:25:03","date_gmt":"2020-06-08T13:25:03","guid":{"rendered":"https:\/\/diarioregionaldigital.com.br\/?p=161889"},"modified":"2020-06-08T10:25:03","modified_gmt":"2020-06-08T13:25:03","slug":"deputados-tentam-impedir-transferencia-de-r-84-mi-do-bolsa-familia-para-secom","status":"publish","type":"post","link":"https:\/\/diarioregionaldigital.com.br\/?p=161889","title":{"rendered":"Deputados tentam impedir transfer\u00eancia de R$ 84 mi do Bolsa Fam\u00edlia para Secom"},"content":{"rendered":"<p><span style=\"font-weight: 400;\">Seis propostas de decreto legislativo querem sustar portaria do Executivo que transferiu R$ 83,9 milh\u00f5es previstos para o programa Bolsa Fam\u00edlia e direcionou os recursos para a\u00e7\u00f5es da Secretaria Especial de Comunica\u00e7\u00e3o Social (Secom) da Presid\u00eancia da Rep\u00fablica. A Portaria 13.474\/20 abriu o cr\u00e9dito suplementar, que remanejou os recursos.<\/span><\/p>\n<p><span style=\"font-weight: 400;\">Para o deputado Jos\u00e9 Guimar\u00e3es (PT-CE), autor de uma das propostas (PDL 252\/20), a transfer\u00eancia \u00e9 \u201cabsolutamente incab\u00edvel\u201d no atual momento econ\u00f4mico e social do Pa\u00eds. \u201cO aux\u00edlio emergencial n\u00e3o pode servir de justificativa para uma transfer\u00eancia dessa natureza\u201d, disse.<\/span><\/p>\n<p><span style=\"font-weight: 400;\">O deputado Alessandro Molon (PSB-RJ), autor de outro projeto (PDL 253\/20), a norma \u00e9 &#8220;estarrecedora&#8221; e mostra evidente distor\u00e7\u00e3o das prioridades na gest\u00e3o do dinheiro p\u00fablico. &#8220;N\u00e3o se trata de medida apenas cruel, mas que carece do necess\u00e1rio interesse p\u00fablico&#8221;, disse.<\/span><\/p>\n<p><span style=\"font-weight: 400;\">Segundo o deputado Jo\u00e3o H. Campos (PSB-PE), autor do PDL 254\/20, \u00e9 \u201cultrajante\u201d o fato de as verbas do programa Bolsa Fam\u00edlia serem direcionadas para a comunica\u00e7\u00e3o institucional do Planalto. \u201cN\u00e3o \u00e9 admiss\u00edvel que o Parlamento assista inerte a essa tentativa desarrazoada de ataque aos mais pobres do Pa\u00eds.\u201d<\/span><\/p>\n<p><span style=\"font-weight: 400;\">Os deputados Bohn Gass (PT-RS) e Enio Verri (PT-PR), autores do PDL 256\/20, afirmam que o Governo Federal demonstra total alheamento acerca da realidade que o cerca. &#8220;O Executivo Federal parece n\u00e3o compreender o momento por que passa o Pa\u00eds, a crise sanit\u00e1ria e social que enfrenta a Na\u00e7\u00e3o e que prejudica sobremaneira, a popula\u00e7\u00e3o mais necessitada do Brasil&#8221;, dizem eles na justificativa do projeto.<\/span><\/p>\n<p><span style=\"font-weight: 400;\">A medida \u00e9 injustific\u00e1vel segundo o deputado Alexandre Frota (PSDB-SP), que apresentou o PDL 258\/20. &#8220;A realidade que o Pa\u00eds est\u00e1 vivendo n\u00e3o permite este tipo de atitude&#8221;, disse.<\/span><\/p>\n<p><span style=\"font-weight: 400;\">Segundo o deputado T\u00falio Gad\u00ealha (PDT-PE), autor do PDL 260\/20, \u00e9 inadmiss\u00edvel desviar recursos destinados ao combate \u00e0 extrema pobreza para o servi\u00e7o de comunica\u00e7\u00e3o e propaganda. &#8220;Precisamos nos levantar e impedir que o descolamento da realidade vivido no Pal\u00e1cio do Planalto atinja in\u00fameras fam\u00edlias brasileiras&#8221;.<\/span><\/p>\n<p><b>Resposta<\/b><\/p>\n<p><span style=\"font-weight: 400;\">A Secretaria de Governo da Presid\u00eancia da Rep\u00fablica soltou uma nota sexta-feira (5) defendendo a medida. Segundo o ministro-chefe da secretaria, Luiz Eduardo Pereira, o pagamento das fam\u00edlias carentes est\u00e1 garantido. E a maioria dos benefici\u00e1rios do Bolsa Fam\u00edlia preferiu receber o aux\u00edlio emergencial de R$ 600 durante, por ser maior o valor. \u201cJamais prejudicar\u00edamos qualquer cidad\u00e3o brasileiro com redirecionamentos inadequados de recursos\u201d, disse. Pereira afirmou que a mudan\u00e7a foi apenas um remanejamento cont\u00e1bil, um \u201cajuste rotineiro\u201d na gest\u00e3o econ\u00f4mica.<\/span><\/p>\n<p><strong>Fonte:\u00a0<\/strong>Ag\u00eancia C\u00e2mara<\/p>\n","protected":false},"excerpt":{"rendered":"<p>Seis propostas de decreto legislativo querem sustar portaria do Executivo que transferiu R$ 83,9 milh\u00f5es previstos para o programa Bolsa Fam\u00edlia e direcionou os recursos para a\u00e7\u00f5es da Secretaria Especial de Comunica\u00e7\u00e3o Social (Secom) da Presid\u00eancia da Rep\u00fablica. A Portaria 13.474\/20 abriu o cr\u00e9dito suplementar, que remanejou os recursos. Para o deputado Jos\u00e9 Guimar\u00e3es (PT-CE), [&hellip;]<\/p>\n","protected":false},"author":96,"featured_media":161890,"comment_status":"closed","ping_status":"closed","sticky":false,"template":"","format":"standard","meta":{"footnotes":""},"categories":[436,261,439],"tags":[],"class_list":["post-161889","post","type-post","status-publish","format-standard","has-post-thumbnail","hentry","category-destaque-da-semana","category-economia","category-ultima-hora"],"_links":{"self":[{"href":"https:\/\/diarioregionaldigital.com.br\/index.php?rest_route=\/wp\/v2\/posts\/161889","targetHints":{"allow":["GET"]}}],"collection":[{"href":"https:\/\/diarioregionaldigital.com.br\/index.php?rest_route=\/wp\/v2\/posts"}],"about":[{"href":"https:\/\/diarioregionaldigital.com.br\/index.php?rest_route=\/wp\/v2\/types\/post"}],"author":[{"embeddable":true,"href":"https:\/\/diarioregionaldigital.com.br\/index.php?rest_route=\/wp\/v2\/users\/96"}],"replies":[{"embeddable":true,"href":"https:\/\/diarioregionaldigital.com.br\/index.php?rest_route=%2Fwp%2Fv2%2Fcomments&post=161889"}],"version-history":[{"count":0,"href":"https:\/\/diarioregionaldigital.com.br\/index.php?rest_route=\/wp\/v2\/posts\/161889\/revisions"}],"wp:featuredmedia":[{"embeddable":true,"href":"https:\/\/diarioregionaldigital.com.br\/index.php?rest_route=\/wp\/v2\/media\/161890"}],"wp:attachment":[{"href":"https:\/\/diarioregionaldigital.com.br\/index.php?rest_route=%2Fwp%2Fv2%2Fmedia&parent=161889"}],"wp:term":[{"taxonomy":"category","embeddable":true,"href":"https:\/\/diarioregionaldigital.com.br\/index.php?rest_route=%2Fwp%2Fv2%2Fcategories&post=161889"},{"taxonomy":"post_tag","embeddable":true,"href":"https:\/\/diarioregionaldigital.com.br\/index.php?rest_route=%2Fwp%2Fv2%2Ftags&post=161889"}],"curies":[{"name":"wp","href":"https:\/\/api.w.org\/{rel}","templated":true}]}}