{"id":161886,"date":"2020-06-08T10:15:30","date_gmt":"2020-06-08T13:15:30","guid":{"rendered":"https:\/\/diarioregionaldigital.com.br\/?p=161886"},"modified":"2020-06-08T10:15:30","modified_gmt":"2020-06-08T13:15:30","slug":"minas-lidera-ranking-nacional-de-controle-da-covid-19","status":"publish","type":"post","link":"https:\/\/diarioregionaldigital.com.br\/?p=161886","title":{"rendered":"Minas lidera ranking nacional de controle da covid-19"},"content":{"rendered":"<p><span style=\"font-weight: 400;\">De acordo com o aplicativo FarolCovid &#8211; que analisa dados do Minist\u00e9rio da Sa\u00fade e das secretarias municipais e estaduais da \u00e1rea -, Minas Gerais \u00e9 o estado que melhor controla a pandemia, no Brasil. A ferramenta foi criada para ajudar gestores p\u00fablicos e privados a conhecerem a situa\u00e7\u00e3o da epidemia em suas localidades e utiliza quatro indicadores: ritmo de cont\u00e1gio, estimativa de subnotifica\u00e7\u00e3o, capacidade hospitalar e distanciamento social.<\/span><\/p>\n<p><span style=\"font-weight: 400;\">Pela combina\u00e7\u00e3o destes fatores o aplicativo refor\u00e7a o que, desde o in\u00edcio das medidas de isolamento social, \u00e9 objetivo do Governo de Minas Gerais: o retardo do pico de casos para dar tempo de preparar a rede de sa\u00fade p\u00fablica aos quadros projetados para as macrorregionais pelo Centro de Opera\u00e7\u00e3o de Emerg\u00eancia em Sa\u00fade (COES), \u00f3rg\u00e3o institu\u00eddo pela Secretaria de Sa\u00fade do Estado (SES-MG) para fazer o controle das vari\u00e1veis que levam ao crescimento ou n\u00e3o da Covid-19.<\/span><\/p>\n<p><b>Indicadores<\/b><\/p>\n<p><span style=\"font-weight: 400;\">Os indicadores analisados s\u00e3o Ritmo de cont\u00e1gio (conhecido pela sigla RT), que calcula para quantas pessoas um infectado \u00e9 capaz de transmitir a doen\u00e7a; Estimativa de subnotifica\u00e7\u00e3o (c\u00e1lculo matem\u00e1tico que chega aos casos fora das estat\u00edsticas a partir dos \u00edndices de mortes confirmadas, em torno de 2% dos doentes hospitalizados); Capacidade Hospitalar, que projeta quantidades de dias que o sistema de sa\u00fade local levaria para entrar em colapso, conforme situa\u00e7\u00e3o atual e, por fim, Distanciamento social, \u00edndice que mostra o grau de ades\u00e3o da localidade \u00e0s medidas de isolamento.<\/span><\/p>\n<p><span style=\"font-weight: 400;\">Pelo levantamento do FarolCovid, a avalia\u00e7\u00e3o do Estado quando o assunto \u00e9 a subnotifica\u00e7\u00e3o \u00e9 boa. Minas Gerais \u00e9 o quarto com melhor situa\u00e7\u00e3o no quesito capacidade da rede hospitalar. Apesar da taxa de isolamento ter ca\u00eddo, est\u00e1 ainda em 39%, houve \u00e9pocas que a ades\u00e3o ao distanciamento social chegou a mais de 50%, com pico hist\u00f3rico de 62% (em 22 de mar\u00e7o, um domingo).<\/span><\/p>\n<p><span style=\"font-weight: 400;\">O secret\u00e1rio de Sa\u00fade, Carlos Eduardo Amaral, destaca que, gra\u00e7as aos esfor\u00e7os de todos, Minas Gerais tem mostrado bastante efici\u00eancia para lidar com a pandemia de covid-19.<\/span><\/p>\n<p><span style=\"font-weight: 400;\">\u201cEste resultado \u00e9 fruto de iniciativas e de uma antecipa\u00e7\u00e3o das a\u00e7\u00f5es promovidas pelo Governo do Estado. S\u00e3o exemplos a institui\u00e7\u00e3o do Coes bem antes da confirma\u00e7\u00e3o do primeiro caso no Brasil, o in\u00edcio antecipado ao isolamento social, al\u00e9m da elabora\u00e7\u00e3o de Planos de Conting\u00eancia em conjunto com as nossas macrorregionais\u201d.<\/span><\/p>\n<p><span style=\"font-weight: 400;\">O secret\u00e1rio destacou ainda as a\u00e7\u00f5es em conjunto com a Secretaria de Desenvolvimento Econ\u00f4mico (Sede) e o plano Minas Consciente, um norte para que os 853 munic\u00edpios tomem a\u00e7\u00f5es com base em indicadores que levam em considera\u00e7\u00e3o impactos econ\u00f4micos e da sa\u00fade nas popula\u00e7\u00f5es.<\/span><\/p>\n<p><b>Transpar\u00eancia<\/b><\/p>\n<p><span style=\"font-weight: 400;\">Minas Gerais tamb\u00e9m alcan\u00e7ou 100% da pontua\u00e7\u00e3o no \u201cRanking de Transpar\u00eancia da Covid-19\u201d, da Open Knowledge Brasil (OKBR), conforme a publica\u00e7\u00e3o mais recente da an\u00e1lise (21\/5).<\/span><\/p>\n<p><span style=\"font-weight: 400;\">A lista, que vem sendo divulgada semanalmente desde abril, avalia a qualidade das informa\u00e7\u00f5es e dados relacionados \u00e0 pandemia que t\u00eam sido publicados pela Uni\u00e3o e pelos estados brasileiros em seus portais oficiais.<\/span><\/p>\n<p><span style=\"font-weight: 400;\">Para a composi\u00e7\u00e3o do \u00edndice, os dados s\u00e3o coletados, diariamente, com o objetivo de analisar conte\u00fado e par\u00e2metros.<\/span><\/p>\n<p><b>Conhe\u00e7a os \u00edndices do FarolCovid<\/b><\/p>\n<p><span style=\"font-weight: 400;\">Ritmo de cont\u00e1gio (RT): calcula para quantas pessoas um infectado \u00e9 capaz de transmitir a doen\u00e7a;<\/span><\/p>\n<p><span style=\"font-weight: 400;\">Estimativa de subnotifica\u00e7\u00e3o: c\u00e1lculo matem\u00e1tico que chega aos casos fora das estat\u00edsticas a partir dos \u00edndices de mortes confirmadas, em torno de 2% dos doentes hospitalizados;<\/span><\/p>\n<p><span style=\"font-weight: 400;\">Capacidade Hospitalar: projeta quantidades de dias que o sistema de sa\u00fade local levaria para entrar em colapso;<\/span><\/p>\n<p><span style=\"font-weight: 400;\">Distanciamento social: \u00edndice que mostra o grau de ades\u00e3o da localidade \u00e0s medidas de isolamento.<\/span><\/p>\n<p><strong>Fonte:<\/strong> Ag\u00eancia Minas<\/p>\n","protected":false},"excerpt":{"rendered":"<p>De acordo com o aplicativo FarolCovid &#8211; que analisa dados do Minist\u00e9rio da Sa\u00fade e das secretarias municipais e estaduais da \u00e1rea -, Minas Gerais \u00e9 o estado que melhor controla a pandemia, no Brasil. A ferramenta foi criada para ajudar gestores p\u00fablicos e privados a conhecerem a situa\u00e7\u00e3o da epidemia em suas localidades e [&hellip;]<\/p>\n","protected":false},"author":96,"featured_media":156129,"comment_status":"closed","ping_status":"closed","sticky":false,"template":"","format":"standard","meta":{"footnotes":""},"categories":[436,440,254,439],"tags":[],"class_list":["post-161886","post","type-post","status-publish","format-standard","has-post-thumbnail","hentry","category-destaque-da-semana","category-destaques-do-dia","category-politica","category-ultima-hora"],"_links":{"self":[{"href":"https:\/\/diarioregionaldigital.com.br\/index.php?rest_route=\/wp\/v2\/posts\/161886","targetHints":{"allow":["GET"]}}],"collection":[{"href":"https:\/\/diarioregionaldigital.com.br\/index.php?rest_route=\/wp\/v2\/posts"}],"about":[{"href":"https:\/\/diarioregionaldigital.com.br\/index.php?rest_route=\/wp\/v2\/types\/post"}],"author":[{"embeddable":true,"href":"https:\/\/diarioregionaldigital.com.br\/index.php?rest_route=\/wp\/v2\/users\/96"}],"replies":[{"embeddable":true,"href":"https:\/\/diarioregionaldigital.com.br\/index.php?rest_route=%2Fwp%2Fv2%2Fcomments&post=161886"}],"version-history":[{"count":0,"href":"https:\/\/diarioregionaldigital.com.br\/index.php?rest_route=\/wp\/v2\/posts\/161886\/revisions"}],"wp:featuredmedia":[{"embeddable":true,"href":"https:\/\/diarioregionaldigital.com.br\/index.php?rest_route=\/wp\/v2\/media\/156129"}],"wp:attachment":[{"href":"https:\/\/diarioregionaldigital.com.br\/index.php?rest_route=%2Fwp%2Fv2%2Fmedia&parent=161886"}],"wp:term":[{"taxonomy":"category","embeddable":true,"href":"https:\/\/diarioregionaldigital.com.br\/index.php?rest_route=%2Fwp%2Fv2%2Fcategories&post=161886"},{"taxonomy":"post_tag","embeddable":true,"href":"https:\/\/diarioregionaldigital.com.br\/index.php?rest_route=%2Fwp%2Fv2%2Ftags&post=161886"}],"curies":[{"name":"wp","href":"https:\/\/api.w.org\/{rel}","templated":true}]}}