{"id":161883,"date":"2020-06-06T11:26:48","date_gmt":"2020-06-06T14:26:48","guid":{"rendered":"https:\/\/diarioregionaldigital.com.br\/?p=161883"},"modified":"2020-06-06T11:26:48","modified_gmt":"2020-06-06T14:26:48","slug":"crianca-e-pega-dirigindo-na-br-040-em-carandai","status":"publish","type":"post","link":"https:\/\/diarioregionaldigital.com.br\/?p=161883","title":{"rendered":"Crian\u00e7a \u00e9 pega dirigindo na BR-040 em Caranda\u00ed"},"content":{"rendered":"<p>A Pol\u00edcia Rodovi\u00e1ria Federal (PRF), realizava um patrulhamento no Km 658 da BR-040 pr\u00f3ximo a Caranda\u00ed, quando em um determinado momento avistou uma crian\u00e7a de 11 anos, dirigindo um autom\u00f3vel ao lado do pai. Os policiais realizaram abordagem e confirmaram tal ato. <span style=\"font-weight: 400;\">Ao lado da crian\u00e7a, no assento do passageiro, estava o seu pai, um trabalhador rural de 40 anos, propriet\u00e1rio do autom\u00f3vel, que admitiu ter entregue a dire\u00e7\u00e3o ao menor.<\/span><\/p>\n<p>Diante dos fatos, o propriet\u00e1rio do ve\u00edculo foi multado e lavrado pelo artigo 310 do C\u00f3digo de Tr\u00e2nsito Brasileiro (CTB), que prev\u00ea permiss\u00e3o a pessoa n\u00e3o habilitada a tomar a dire\u00e7\u00e3o do ve\u00edculo. O c\u00f3digo prev\u00ea suspens\u00e3o da CNH de cseis meses a um ano.<\/p>\n","protected":false},"excerpt":{"rendered":"<p>A Pol\u00edcia Rodovi\u00e1ria Federal (PRF), realizava um patrulhamento no Km 658 da BR-040 pr\u00f3ximo a Caranda\u00ed, quando em um determinado momento avistou uma crian\u00e7a de 11 anos, dirigindo um autom\u00f3vel ao lado do pai. Os policiais realizaram abordagem e confirmaram tal ato. Ao lado da crian\u00e7a, no assento do passageiro, estava o seu pai, um [&hellip;]<\/p>\n","protected":false},"author":96,"featured_media":161884,"comment_status":"closed","ping_status":"closed","sticky":false,"template":"","format":"standard","meta":{"footnotes":""},"categories":[301,436,439],"tags":[],"class_list":["post-161883","post","type-post","status-publish","format-standard","has-post-thumbnail","hentry","category-artigos-policiais","category-destaque-da-semana","category-ultima-hora"],"_links":{"self":[{"href":"https:\/\/diarioregionaldigital.com.br\/index.php?rest_route=\/wp\/v2\/posts\/161883","targetHints":{"allow":["GET"]}}],"collection":[{"href":"https:\/\/diarioregionaldigital.com.br\/index.php?rest_route=\/wp\/v2\/posts"}],"about":[{"href":"https:\/\/diarioregionaldigital.com.br\/index.php?rest_route=\/wp\/v2\/types\/post"}],"author":[{"embeddable":true,"href":"https:\/\/diarioregionaldigital.com.br\/index.php?rest_route=\/wp\/v2\/users\/96"}],"replies":[{"embeddable":true,"href":"https:\/\/diarioregionaldigital.com.br\/index.php?rest_route=%2Fwp%2Fv2%2Fcomments&post=161883"}],"version-history":[{"count":0,"href":"https:\/\/diarioregionaldigital.com.br\/index.php?rest_route=\/wp\/v2\/posts\/161883\/revisions"}],"wp:featuredmedia":[{"embeddable":true,"href":"https:\/\/diarioregionaldigital.com.br\/index.php?rest_route=\/wp\/v2\/media\/161884"}],"wp:attachment":[{"href":"https:\/\/diarioregionaldigital.com.br\/index.php?rest_route=%2Fwp%2Fv2%2Fmedia&parent=161883"}],"wp:term":[{"taxonomy":"category","embeddable":true,"href":"https:\/\/diarioregionaldigital.com.br\/index.php?rest_route=%2Fwp%2Fv2%2Fcategories&post=161883"},{"taxonomy":"post_tag","embeddable":true,"href":"https:\/\/diarioregionaldigital.com.br\/index.php?rest_route=%2Fwp%2Fv2%2Ftags&post=161883"}],"curies":[{"name":"wp","href":"https:\/\/api.w.org\/{rel}","templated":true}]}}