{"id":161881,"date":"2020-06-06T11:18:54","date_gmt":"2020-06-06T14:18:54","guid":{"rendered":"https:\/\/diarioregionaldigital.com.br\/?p=161881"},"modified":"2020-06-06T11:18:54","modified_gmt":"2020-06-06T14:18:54","slug":"homem-e-rendido-por-dois-infratores-em-assalto-no-santa-terezinha","status":"publish","type":"post","link":"https:\/\/diarioregionaldigital.com.br\/?p=161881","title":{"rendered":"Homem \u00e9 rendido por dois infratores em assalto no Santa Terezinha"},"content":{"rendered":"<p>Um homem de 33 anos, transitava pela Avenida Rui Barbosa, no Bairro Santa Terezinha (Regi\u00e3o Central), quando foi abordado por dois indiv\u00edduos que andavam em sua dire\u00e7\u00e3o. Em relato \u00e0 Pol\u00edcia Militar (PM), a v\u00edtima diz que um dos autores passou uma faca para o outro e imediatamente colocou tal objeto na altura do pesco\u00e7o da v\u00edtima e roubou quantia de R$ 20,00 em dinheiro.<\/p>\n<p>A PM foi acionada e obteve \u00eaxito em localizar um dos autores. Ap\u00f3s buscas pessoais, foi encontrada a referida faca e o autor foi reconhecido pela v\u00edtima, bem como o material utilizado no assalto, no entanto o dinheiro subtra\u00eddo n\u00e3o foi localizado. A v\u00edtima repassou caracter\u00edsticas do segundo suspeito, mas o mesmo n\u00e3o foi localizado.<\/p>\n","protected":false},"excerpt":{"rendered":"<p>Um homem de 33 anos, transitava pela Avenida Rui Barbosa, no Bairro Santa Terezinha (Regi\u00e3o Central), quando foi abordado por dois indiv\u00edduos que andavam em sua dire\u00e7\u00e3o. Em relato \u00e0 Pol\u00edcia Militar (PM), a v\u00edtima diz que um dos autores passou uma faca para o outro e imediatamente colocou tal objeto na altura do pesco\u00e7o [&hellip;]<\/p>\n","protected":false},"author":96,"featured_media":161269,"comment_status":"closed","ping_status":"closed","sticky":false,"template":"","format":"standard","meta":{"footnotes":""},"categories":[301,436,439],"tags":[],"class_list":["post-161881","post","type-post","status-publish","format-standard","has-post-thumbnail","hentry","category-artigos-policiais","category-destaque-da-semana","category-ultima-hora"],"_links":{"self":[{"href":"https:\/\/diarioregionaldigital.com.br\/index.php?rest_route=\/wp\/v2\/posts\/161881","targetHints":{"allow":["GET"]}}],"collection":[{"href":"https:\/\/diarioregionaldigital.com.br\/index.php?rest_route=\/wp\/v2\/posts"}],"about":[{"href":"https:\/\/diarioregionaldigital.com.br\/index.php?rest_route=\/wp\/v2\/types\/post"}],"author":[{"embeddable":true,"href":"https:\/\/diarioregionaldigital.com.br\/index.php?rest_route=\/wp\/v2\/users\/96"}],"replies":[{"embeddable":true,"href":"https:\/\/diarioregionaldigital.com.br\/index.php?rest_route=%2Fwp%2Fv2%2Fcomments&post=161881"}],"version-history":[{"count":0,"href":"https:\/\/diarioregionaldigital.com.br\/index.php?rest_route=\/wp\/v2\/posts\/161881\/revisions"}],"wp:featuredmedia":[{"embeddable":true,"href":"https:\/\/diarioregionaldigital.com.br\/index.php?rest_route=\/wp\/v2\/media\/161269"}],"wp:attachment":[{"href":"https:\/\/diarioregionaldigital.com.br\/index.php?rest_route=%2Fwp%2Fv2%2Fmedia&parent=161881"}],"wp:term":[{"taxonomy":"category","embeddable":true,"href":"https:\/\/diarioregionaldigital.com.br\/index.php?rest_route=%2Fwp%2Fv2%2Fcategories&post=161881"},{"taxonomy":"post_tag","embeddable":true,"href":"https:\/\/diarioregionaldigital.com.br\/index.php?rest_route=%2Fwp%2Fv2%2Ftags&post=161881"}],"curies":[{"name":"wp","href":"https:\/\/api.w.org\/{rel}","templated":true}]}}