{"id":161873,"date":"2020-06-07T06:00:59","date_gmt":"2020-06-07T09:00:59","guid":{"rendered":"https:\/\/diarioregionaldigital.com.br\/?p=161873"},"modified":"2020-06-06T02:27:47","modified_gmt":"2020-06-06T05:27:47","slug":"novidade-3","status":"publish","type":"post","link":"https:\/\/diarioregionaldigital.com.br\/?p=161873","title":{"rendered":"Novidade"},"content":{"rendered":"<p style=\"text-align: center;\"><strong>Novidade <\/strong><\/p>\n<p style=\"text-align: center;\">A Unidade Federal de Juiz de Fora (UFJF) se tornou propriet\u00e1rio do im\u00f3vel pertencente a antiga Companhia Nacional de Abastecimento (Conab). Localizado no bairro Distrito Industrial, na zona norte da cidade a propriedade avaliada em mais de R$ 21 milh\u00f5es, foi cedida para a UFJF pela Uni\u00e3o, com o objetivo de ser tornar um espa\u00e7o para o desenvolvimento do Centro Integrado de Ensino, Pesquisa, Extens\u00e3o, Tecnologia e Cultura ( CIEPTEC \u2013 UFJF Norte).<\/p>\n<p style=\"text-align: center;\"><strong>Aten\u00e7\u00e3o<\/strong><\/p>\n<p style=\"text-align: center;\">Mais austeridade e novas prioridades s\u00e3o as previs\u00f5es de uma recess\u00e3o global sem precedentes este ano. O mundo p\u00f3s-pandemia ser\u00e1 mais pobre e demandar\u00e1 melhor uso dos recursos, segundo especialistas. Quem viver, ver\u00e1!<\/p>\n<p style=\"text-align: center;\"><strong>Para Saber<\/strong><\/p>\n<p style=\"text-align: center;\">Especialista nas \u00e1reas de sa\u00fade e econ\u00f4mica em todo o pa\u00eds tem trabalhado intensamente para orientar a tomada de decis\u00e3o do poder p\u00fablico na elabora\u00e7\u00f5es de medidas que permitem a retomada das atividades diante da pandemia da Covid-19 sempre com foco na preserva\u00e7\u00e3o da vida. A FIEMG enxerga possibilidade de priorizar a sa\u00fade das pessoas, adotando pol\u00edticas que flexibilizem a retomada da atividade econ\u00f4mica de forma customizada para cada regi\u00e3o.<\/p>\n<p style=\"text-align: center;\"><strong>Ensino e Oportunidades<\/strong><\/p>\n<p style=\"text-align: center;\">O projeto de extens\u00e3o \u201cPapo Reto: educa\u00e7\u00e3o, comunica\u00e7\u00e3o e informa\u00e7\u00e3o em sa\u00fade\u201d, tem desenvolvido conte\u00fados, por meio das redes sociais, para empoderar a comunidade e sanar d\u00favidas relativas \u00e1 \u00e1rea de sa\u00fade, entre elas, orienta\u00e7\u00f5es sobre cuidados devidos com a Covid-19.<\/p>\n<p style=\"text-align: center;\"><span style=\"font-size: 14pt;\"><strong>Para Refletir<\/strong><\/span><\/p>\n<p style=\"text-align: center;\">As pessoas negam e culpam os outros pelos pr\u00f3prios problemas simplesmente porque \u00e9 f\u00e1cil e provoca al\u00edvio, enquanto resolv\u00ea-lo \u00e9 dif\u00edcil e muitas vezes gera sofrimento.<\/p>\n<div id=\"attachment_161857\" style=\"width: 690px\" class=\"wp-caption aligncenter\"><img loading=\"lazy\" decoding=\"async\" aria-describedby=\"caption-attachment-161857\" class=\"wp-image-161857\" src=\"https:\/\/diarioregionaldigital.com.br\/wp-content\/uploads\/2020\/06\/DOMINGO-E-ABRIR-e1591415545212.jpg\" alt=\"\" width=\"680\" height=\"494\" srcset=\"https:\/\/diarioregionaldigital.com.br\/wp-content\/uploads\/2020\/06\/DOMINGO-E-ABRIR-e1591415545212.jpg 720w, https:\/\/diarioregionaldigital.com.br\/wp-content\/uploads\/2020\/06\/DOMINGO-E-ABRIR-e1591415545212-300x218.jpg 300w, https:\/\/diarioregionaldigital.com.br\/wp-content\/uploads\/2020\/06\/DOMINGO-E-ABRIR-e1591415545212-360x262.jpg 360w\" sizes=\"auto, (max-width: 680px) 100vw, 680px\" \/><p id=\"caption-attachment-161857\" class=\"wp-caption-text\">Lucas Fernandes e a aniversariante de destaque da segunda feira (8) Maria Paula Ramos Gomes<\/p><\/div>\n<div id=\"attachment_161858\" style=\"width: 690px\" class=\"wp-caption aligncenter\"><img loading=\"lazy\" decoding=\"async\" aria-describedby=\"caption-attachment-161858\" class=\"wp-image-161858\" src=\"https:\/\/diarioregionaldigital.com.br\/wp-content\/uploads\/2020\/06\/fotoaa-e1591415584270.jpg\" alt=\"\" width=\"680\" height=\"523\" srcset=\"https:\/\/diarioregionaldigital.com.br\/wp-content\/uploads\/2020\/06\/fotoaa-e1591415584270.jpg 960w, https:\/\/diarioregionaldigital.com.br\/wp-content\/uploads\/2020\/06\/fotoaa-e1591415584270-300x231.jpg 300w, https:\/\/diarioregionaldigital.com.br\/wp-content\/uploads\/2020\/06\/fotoaa-e1591415584270-768x591.jpg 768w, https:\/\/diarioregionaldigital.com.br\/wp-content\/uploads\/2020\/06\/fotoaa-e1591415584270-360x277.jpg 360w\" sizes=\"auto, (max-width: 680px) 100vw, 680px\" \/><p id=\"caption-attachment-161858\" class=\"wp-caption-text\">O bonito casal cabelereiro Higor Thomas e a odont\u00f3loga Luciana Cristina em noite de festa<\/p><\/div>\n<div id=\"attachment_161859\" style=\"width: 690px\" class=\"wp-caption aligncenter\"><img loading=\"lazy\" decoding=\"async\" aria-describedby=\"caption-attachment-161859\" class=\"wp-image-161859\" src=\"https:\/\/diarioregionaldigital.com.br\/wp-content\/uploads\/2020\/06\/fotob-3-e1591421229708.jpg\" alt=\"\" width=\"680\" height=\"516\" srcset=\"https:\/\/diarioregionaldigital.com.br\/wp-content\/uploads\/2020\/06\/fotob-3-e1591421229708.jpg 709w, https:\/\/diarioregionaldigital.com.br\/wp-content\/uploads\/2020\/06\/fotob-3-e1591421229708-300x228.jpg 300w, https:\/\/diarioregionaldigital.com.br\/wp-content\/uploads\/2020\/06\/fotob-3-e1591421229708-360x273.jpg 360w\" sizes=\"auto, (max-width: 680px) 100vw, 680px\" \/><p id=\"caption-attachment-161859\" class=\"wp-caption-text\">A elegante Edna Rocha com a bela filha ex-modelo e advogada Erika Rocha Calixto<\/p><\/div>\n<div id=\"attachment_161860\" style=\"width: 690px\" class=\"wp-caption aligncenter\"><img loading=\"lazy\" decoding=\"async\" aria-describedby=\"caption-attachment-161860\" class=\"wp-image-161860\" src=\"https:\/\/diarioregionaldigital.com.br\/wp-content\/uploads\/2020\/06\/fotobb-e1591416521295.jpg\" alt=\"\" width=\"680\" height=\"479\" srcset=\"https:\/\/diarioregionaldigital.com.br\/wp-content\/uploads\/2020\/06\/fotobb-e1591416521295.jpg 689w, https:\/\/diarioregionaldigital.com.br\/wp-content\/uploads\/2020\/06\/fotobb-e1591416521295-300x210.jpg 300w, https:\/\/diarioregionaldigital.com.br\/wp-content\/uploads\/2020\/06\/fotobb-e1591416521295-360x253.jpg 360w, https:\/\/diarioregionaldigital.com.br\/wp-content\/uploads\/2020\/06\/fotobb-e1591416521295-100x70.jpg 100w\" sizes=\"auto, (max-width: 680px) 100vw, 680px\" \/><p id=\"caption-attachment-161860\" class=\"wp-caption-text\">Gilberto Peixoto aniversaria no domingo e vai comemorar em casa com a mulher Patr\u00edcia Caniato<\/p><\/div>\n<div id=\"attachment_161861\" style=\"width: 690px\" class=\"wp-caption aligncenter\"><img loading=\"lazy\" decoding=\"async\" aria-describedby=\"caption-attachment-161861\" class=\"wp-image-161861\" src=\"https:\/\/diarioregionaldigital.com.br\/wp-content\/uploads\/2020\/06\/fotod-e1591416980788.jpeg\" alt=\"\" width=\"680\" height=\"494\" srcset=\"https:\/\/diarioregionaldigital.com.br\/wp-content\/uploads\/2020\/06\/fotod-e1591416980788.jpeg 1260w, https:\/\/diarioregionaldigital.com.br\/wp-content\/uploads\/2020\/06\/fotod-e1591416980788-300x218.jpeg 300w, https:\/\/diarioregionaldigital.com.br\/wp-content\/uploads\/2020\/06\/fotod-e1591416980788-1024x744.jpeg 1024w, https:\/\/diarioregionaldigital.com.br\/wp-content\/uploads\/2020\/06\/fotod-e1591416980788-768x558.jpeg 768w, https:\/\/diarioregionaldigital.com.br\/wp-content\/uploads\/2020\/06\/fotod-e1591416980788-360x261.jpeg 360w\" sizes=\"auto, (max-width: 680px) 100vw, 680px\" \/><p id=\"caption-attachment-161861\" class=\"wp-caption-text\">Em ritmo social, Ana Fl\u00e1via, Felipe Henrique Ribeiro e Rose Oliveira<\/p><\/div>\n<div id=\"attachment_161862\" style=\"width: 690px\" class=\"wp-caption aligncenter\"><img loading=\"lazy\" decoding=\"async\" aria-describedby=\"caption-attachment-161862\" class=\"wp-image-161862\" src=\"https:\/\/diarioregionaldigital.com.br\/wp-content\/uploads\/2020\/06\/fotodd-e1591417429910.jpg\" alt=\"\" width=\"680\" height=\"588\" srcset=\"https:\/\/diarioregionaldigital.com.br\/wp-content\/uploads\/2020\/06\/fotodd-e1591417429910.jpg 457w, https:\/\/diarioregionaldigital.com.br\/wp-content\/uploads\/2020\/06\/fotodd-e1591417429910-300x259.jpg 300w, https:\/\/diarioregionaldigital.com.br\/wp-content\/uploads\/2020\/06\/fotodd-e1591417429910-360x311.jpg 360w\" sizes=\"auto, (max-width: 680px) 100vw, 680px\" \/><p id=\"caption-attachment-161862\" class=\"wp-caption-text\">O novo visual do cabelereiro Rosenberg Frizeiro, produzido pelas m\u00e3os de Aissa Dandara<\/p><\/div>\n<div id=\"attachment_161863\" style=\"width: 690px\" class=\"wp-caption aligncenter\"><img loading=\"lazy\" decoding=\"async\" aria-describedby=\"caption-attachment-161863\" class=\"wp-image-161863\" src=\"https:\/\/diarioregionaldigital.com.br\/wp-content\/uploads\/2020\/06\/fotoe-4-e1591417447868.jpg\" alt=\"\" width=\"680\" height=\"486\" srcset=\"https:\/\/diarioregionaldigital.com.br\/wp-content\/uploads\/2020\/06\/fotoe-4-e1591417447868.jpg 1925w, https:\/\/diarioregionaldigital.com.br\/wp-content\/uploads\/2020\/06\/fotoe-4-e1591417447868-300x214.jpg 300w, https:\/\/diarioregionaldigital.com.br\/wp-content\/uploads\/2020\/06\/fotoe-4-e1591417447868-1024x731.jpg 1024w, https:\/\/diarioregionaldigital.com.br\/wp-content\/uploads\/2020\/06\/fotoe-4-e1591417447868-768x549.jpg 768w, https:\/\/diarioregionaldigital.com.br\/wp-content\/uploads\/2020\/06\/fotoe-4-e1591417447868-1536x1097.jpg 1536w, https:\/\/diarioregionaldigital.com.br\/wp-content\/uploads\/2020\/06\/fotoe-4-e1591417447868-360x257.jpg 360w, https:\/\/diarioregionaldigital.com.br\/wp-content\/uploads\/2020\/06\/fotoe-4-e1591417447868-100x70.jpg 100w\" sizes=\"auto, (max-width: 680px) 100vw, 680px\" \/><p id=\"caption-attachment-161863\" class=\"wp-caption-text\">M\u00e9dicos de real valor: a dermatologista V\u00e2nia Piccinini e Silva e o cardiologista Francisco Campos Silva<\/p><\/div>\n<div id=\"attachment_161864\" style=\"width: 690px\" class=\"wp-caption aligncenter\"><img loading=\"lazy\" decoding=\"async\" aria-describedby=\"caption-attachment-161864\" class=\"wp-image-161864\" src=\"https:\/\/diarioregionaldigital.com.br\/wp-content\/uploads\/2020\/06\/fotof-4-e1591417478694.jpg\" alt=\"\" width=\"680\" height=\"467\" srcset=\"https:\/\/diarioregionaldigital.com.br\/wp-content\/uploads\/2020\/06\/fotof-4-e1591417478694.jpg 1001w, https:\/\/diarioregionaldigital.com.br\/wp-content\/uploads\/2020\/06\/fotof-4-e1591417478694-300x206.jpg 300w, https:\/\/diarioregionaldigital.com.br\/wp-content\/uploads\/2020\/06\/fotof-4-e1591417478694-768x528.jpg 768w, https:\/\/diarioregionaldigital.com.br\/wp-content\/uploads\/2020\/06\/fotof-4-e1591417478694-360x247.jpg 360w, https:\/\/diarioregionaldigital.com.br\/wp-content\/uploads\/2020\/06\/fotof-4-e1591417478694-100x70.jpg 100w\" sizes=\"auto, (max-width: 680px) 100vw, 680px\" \/><p id=\"caption-attachment-161864\" class=\"wp-caption-text\">Os reis das panelas e ca\u00e7arolas do Haras Morena, Gon\u00e7alves J\u00fanior e Ant\u00f4nio da P\u00e1dua Jun\u00e3o<\/p><\/div>\n<div id=\"attachment_161866\" style=\"width: 690px\" class=\"wp-caption aligncenter\"><img loading=\"lazy\" decoding=\"async\" aria-describedby=\"caption-attachment-161866\" class=\"wp-image-161866\" src=\"https:\/\/diarioregionaldigital.com.br\/wp-content\/uploads\/2020\/06\/fotoh-4-e1591417523719.jpg\" alt=\"\" width=\"680\" height=\"486\" srcset=\"https:\/\/diarioregionaldigital.com.br\/wp-content\/uploads\/2020\/06\/fotoh-4-e1591417523719.jpg 902w, https:\/\/diarioregionaldigital.com.br\/wp-content\/uploads\/2020\/06\/fotoh-4-e1591417523719-300x215.jpg 300w, https:\/\/diarioregionaldigital.com.br\/wp-content\/uploads\/2020\/06\/fotoh-4-e1591417523719-768x549.jpg 768w, https:\/\/diarioregionaldigital.com.br\/wp-content\/uploads\/2020\/06\/fotoh-4-e1591417523719-360x257.jpg 360w, https:\/\/diarioregionaldigital.com.br\/wp-content\/uploads\/2020\/06\/fotoh-4-e1591417523719-100x70.jpg 100w\" sizes=\"auto, (max-width: 680px) 100vw, 680px\" \/><p id=\"caption-attachment-161866\" class=\"wp-caption-text\">O jovem Diego At\u00edlio Cossih aniversariou e festejou com o pai Giovani At\u00edlio<\/p><\/div>\n<div id=\"attachment_161867\" style=\"width: 690px\" class=\"wp-caption aligncenter\"><img loading=\"lazy\" decoding=\"async\" aria-describedby=\"caption-attachment-161867\" class=\"wp-image-161867\" src=\"https:\/\/diarioregionaldigital.com.br\/wp-content\/uploads\/2020\/06\/fotoi-3-e1591417763259.jpg\" alt=\"\" width=\"680\" height=\"517\" srcset=\"https:\/\/diarioregionaldigital.com.br\/wp-content\/uploads\/2020\/06\/fotoi-3-e1591417763259.jpg 720w, https:\/\/diarioregionaldigital.com.br\/wp-content\/uploads\/2020\/06\/fotoi-3-e1591417763259-300x228.jpg 300w, https:\/\/diarioregionaldigital.com.br\/wp-content\/uploads\/2020\/06\/fotoi-3-e1591417763259-360x274.jpg 360w\" sizes=\"auto, (max-width: 680px) 100vw, 680px\" \/><p id=\"caption-attachment-161867\" class=\"wp-caption-text\">Passando o frio do isolamento em casa de campo, \u00c2ngelo Savastano e Sandra Savastano<\/p><\/div>\n<div id=\"attachment_161865\" style=\"width: 690px\" class=\"wp-caption aligncenter\"><img loading=\"lazy\" decoding=\"async\" aria-describedby=\"caption-attachment-161865\" class=\"wp-image-161865\" src=\"https:\/\/diarioregionaldigital.com.br\/wp-content\/uploads\/2020\/06\/fotog-4.jpg\" alt=\"\" width=\"680\" height=\"510\" srcset=\"https:\/\/diarioregionaldigital.com.br\/wp-content\/uploads\/2020\/06\/fotog-4.jpg 960w, https:\/\/diarioregionaldigital.com.br\/wp-content\/uploads\/2020\/06\/fotog-4-300x225.jpg 300w, https:\/\/diarioregionaldigital.com.br\/wp-content\/uploads\/2020\/06\/fotog-4-768x576.jpg 768w, https:\/\/diarioregionaldigital.com.br\/wp-content\/uploads\/2020\/06\/fotog-4-360x270.jpg 360w\" sizes=\"auto, (max-width: 680px) 100vw, 680px\" \/><p id=\"caption-attachment-161865\" class=\"wp-caption-text\">No interior de Minas Gerais a dupla sertaneja Osmar &amp; Rog\u00e9rio com Florinha Carmo<\/p><\/div>\n<p style=\"text-align: center;\"><strong>FOTOSS\u00cdNTESE<\/strong><\/p>\n<p>Hoje (7) tem Dueto na Cozinha com Live de Cl\u00e1udia Figueiredo e Vitor Costa, as 14h, no instagram @gaptrocomar.<\/p>\n<p>Enquanto \u00e9 esperado o feriado do dia 13 (Dia de Santo Ant\u00f4nio) em Juiz de Fora, homens e mulheres est\u00e3o batendo bolo na cidade. Erika Beire fez bolo de cenoura a Carlos Badico fez bolo de fub\u00e1.<\/p>\n<p>Colocando todas as violetas na janela, a empres\u00e1ria Val\u00e9ria Elias comemorou idade nova com sua m\u00e3e Maria Helena e Irm\u00e3 Welaine Elias e unida equipe do Vag\u00e3o de Pizza.<\/p>\n<p>Procurando seu lugar no Tratado de Tordesilhas, o jornalista e nerd assumido Will Marinho do MKT convocou meninos e meninas da Caverna do Drag\u00e3o a ficar em casa.<\/p>\n<p>Abrindo os guarda-chuvas do tempo, a PJF faz monitoramento da pandemia lan\u00e7ando plataforma com dados abertos.<\/p>\n<p>Procurando agulha no palheiro, o drive thau na UFJF imunizou mais de 1.600 pessoas contra a gripe na cidade.<\/p>\n<p>Aten\u00e7\u00e3o: consultas de urg\u00eancia est\u00e3o dispon\u00edveis no Servi\u00e7o de Urg\u00eancias Especializadas da Santa Casa de Miseric\u00f3rdia de Juiz de Fora.<\/p>\n<p>Sem festas e sem nada a comemorar, os buf\u00eas, fornecedores e pessoas de drinks, gar\u00e7ons e copeiros est\u00e3o procurando o fio da meada.<\/p>\n<p>Juntando doses de criatividade, Ros\u00e2ngela Marques rotariana convicta, est\u00e1 costurando m\u00e1scaras para doar.<\/p>\n<p>Este colunista aplaude o Col\u00e9gio Equipe que doou 40 macac\u00f5es de prote\u00e7\u00e3o para os profissionais da UFJF que realizam testes para diagn\u00f3stico de Covid-19.<\/p>\n<p>Al\u00f4, Al\u00f4: Eu prefiro seguir o caminho certo sozinho do que uma multid\u00e3o no caminho errado Bom domingo e fa\u00e7a como eu, fico em casa.<\/p>\n<p><img loading=\"lazy\" decoding=\"async\" class=\"aligncenter size-full wp-image-161872\" src=\"https:\/\/diarioregionaldigital.com.br\/wp-content\/uploads\/2020\/06\/anuncio67-scaled.jpg\" alt=\"\" width=\"2560\" height=\"994\" srcset=\"https:\/\/diarioregionaldigital.com.br\/wp-content\/uploads\/2020\/06\/anuncio67-scaled.jpg 2560w, https:\/\/diarioregionaldigital.com.br\/wp-content\/uploads\/2020\/06\/anuncio67-300x116.jpg 300w, https:\/\/diarioregionaldigital.com.br\/wp-content\/uploads\/2020\/06\/anuncio67-1024x398.jpg 1024w, https:\/\/diarioregionaldigital.com.br\/wp-content\/uploads\/2020\/06\/anuncio67-768x298.jpg 768w, https:\/\/diarioregionaldigital.com.br\/wp-content\/uploads\/2020\/06\/anuncio67-1536x596.jpg 1536w, https:\/\/diarioregionaldigital.com.br\/wp-content\/uploads\/2020\/06\/anuncio67-2048x795.jpg 2048w, https:\/\/diarioregionaldigital.com.br\/wp-content\/uploads\/2020\/06\/anuncio67-360x140.jpg 360w\" sizes=\"auto, (max-width: 2560px) 100vw, 2560px\" \/><\/p>\n","protected":false},"excerpt":{"rendered":"<p>Novidade A Unidade Federal de Juiz de Fora (UFJF) se tornou propriet\u00e1rio do im\u00f3vel pertencente a antiga Companhia Nacional de Abastecimento (Conab). Localizado no bairro Distrito Industrial, na zona norte da cidade a propriedade avaliada em mais de R$ 21 milh\u00f5es, foi cedida para a UFJF pela Uni\u00e3o, com o objetivo de ser tornar um [&hellip;]<\/p>\n","protected":false},"author":96,"featured_media":161857,"comment_status":"closed","ping_status":"closed","sticky":false,"template":"","format":"standard","meta":{"footnotes":""},"categories":[264],"tags":[],"class_list":["post-161873","post","type-post","status-publish","format-standard","has-post-thumbnail","hentry","category-eduardo-gomes"],"_links":{"self":[{"href":"https:\/\/diarioregionaldigital.com.br\/index.php?rest_route=\/wp\/v2\/posts\/161873","targetHints":{"allow":["GET"]}}],"collection":[{"href":"https:\/\/diarioregionaldigital.com.br\/index.php?rest_route=\/wp\/v2\/posts"}],"about":[{"href":"https:\/\/diarioregionaldigital.com.br\/index.php?rest_route=\/wp\/v2\/types\/post"}],"author":[{"embeddable":true,"href":"https:\/\/diarioregionaldigital.com.br\/index.php?rest_route=\/wp\/v2\/users\/96"}],"replies":[{"embeddable":true,"href":"https:\/\/diarioregionaldigital.com.br\/index.php?rest_route=%2Fwp%2Fv2%2Fcomments&post=161873"}],"version-history":[{"count":0,"href":"https:\/\/diarioregionaldigital.com.br\/index.php?rest_route=\/wp\/v2\/posts\/161873\/revisions"}],"wp:featuredmedia":[{"embeddable":true,"href":"https:\/\/diarioregionaldigital.com.br\/index.php?rest_route=\/wp\/v2\/media\/161857"}],"wp:attachment":[{"href":"https:\/\/diarioregionaldigital.com.br\/index.php?rest_route=%2Fwp%2Fv2%2Fmedia&parent=161873"}],"wp:term":[{"taxonomy":"category","embeddable":true,"href":"https:\/\/diarioregionaldigital.com.br\/index.php?rest_route=%2Fwp%2Fv2%2Fcategories&post=161873"},{"taxonomy":"post_tag","embeddable":true,"href":"https:\/\/diarioregionaldigital.com.br\/index.php?rest_route=%2Fwp%2Fv2%2Ftags&post=161873"}],"curies":[{"name":"wp","href":"https:\/\/api.w.org\/{rel}","templated":true}]}}