{"id":161868,"date":"2020-06-05T23:32:33","date_gmt":"2020-06-06T02:32:33","guid":{"rendered":"https:\/\/diarioregionaldigital.com.br\/?p=161868"},"modified":"2020-06-05T23:32:33","modified_gmt":"2020-06-06T02:32:33","slug":"covid-19-nas-ultimas-24h-brasil-registra-mais-de-30-mil-novos-casos","status":"publish","type":"post","link":"https:\/\/diarioregionaldigital.com.br\/?p=161868","title":{"rendered":"Covid-19: nas \u00faltimas 24h, Brasil registra mais de 30 mil novos casos"},"content":{"rendered":"<p>O balan\u00e7o\u00a0divulgado nesta sexta-feira(5) pelo\u00a0Minist\u00e9rio da Sa\u00fade mostra que nas \u00faltimas 24 horas foram registrados mais 1.005\u00a0\u00f3bitos por covid-19 no Brasil. Nesse per\u00edodo foram confirmados mais\u00a030.830 casos\u00a0da doen\u00e7a e 11.977 recuperados.<\/p>\n<p>At\u00e9 ontem (5), o\u00a0total de casos confirmados de covid-19\u00a0no pa\u00eds\u00a0era de\u00a0645.771; 34.021 mortes e\u00a0254.963 recuperados.<\/p>\n<p>O Minist\u00e9rio da Sa\u00fade\u00a0n\u00e3o divulgou os dados totais\u00a0da contamina\u00e7\u00e3o no novo coronav\u00edrus no Brasil.<\/p>\n<p>Os estados que mais registraram casos confirmados do novo coronav\u00edrus nas \u00faltimas 24 horas foram\u00a0S\u00e3o Paulo (5.365),\u00a0Bahia (2.965), Par\u00e1 (2.911), Maranh\u00e3o (2.684) e Rio de Janeiro.<\/p>\n<p>S\u00e3o Paulo tamb\u00e9m registrou o maior n\u00famero de mortes nesse per\u00edodo, 282;\u00a0seguido por Rio de Janeiro (146), Par\u00e1 (122), Cear\u00e1 (77) e Pernambuco (71).<\/p>\n<p>Os estados com o menor registro de novos casos foram Mato Grosso do Sul (72), Rio Grande do Norte (158), Acre (263), Mato Grosso (287) e Tocantins (301).<\/p>\n<p>Mato Grosso do Sul relatou uma morte nas \u00faltimas 24 horas.<\/p>\n<p><strong>Fonte:\u00a0<\/strong>Ag\u00eancia Brasil<\/p>\n","protected":false},"excerpt":{"rendered":"<p>O balan\u00e7o\u00a0divulgado nesta sexta-feira(5) pelo\u00a0Minist\u00e9rio da Sa\u00fade mostra que nas \u00faltimas 24 horas foram registrados mais 1.005\u00a0\u00f3bitos por covid-19 no Brasil. Nesse per\u00edodo foram confirmados mais\u00a030.830 casos\u00a0da doen\u00e7a e 11.977 recuperados. At\u00e9 ontem (5), o\u00a0total de casos confirmados de covid-19\u00a0no pa\u00eds\u00a0era de\u00a0645.771; 34.021 mortes e\u00a0254.963 recuperados. O Minist\u00e9rio da Sa\u00fade\u00a0n\u00e3o divulgou os dados totais\u00a0da contamina\u00e7\u00e3o [&hellip;]<\/p>\n","protected":false},"author":96,"featured_media":160712,"comment_status":"closed","ping_status":"closed","sticky":false,"template":"","format":"standard","meta":{"footnotes":""},"categories":[302,436,440,439],"tags":[],"class_list":["post-161868","post","type-post","status-publish","format-standard","has-post-thumbnail","hentry","category-brasil-mundo","category-destaque-da-semana","category-destaques-do-dia","category-ultima-hora"],"_links":{"self":[{"href":"https:\/\/diarioregionaldigital.com.br\/index.php?rest_route=\/wp\/v2\/posts\/161868","targetHints":{"allow":["GET"]}}],"collection":[{"href":"https:\/\/diarioregionaldigital.com.br\/index.php?rest_route=\/wp\/v2\/posts"}],"about":[{"href":"https:\/\/diarioregionaldigital.com.br\/index.php?rest_route=\/wp\/v2\/types\/post"}],"author":[{"embeddable":true,"href":"https:\/\/diarioregionaldigital.com.br\/index.php?rest_route=\/wp\/v2\/users\/96"}],"replies":[{"embeddable":true,"href":"https:\/\/diarioregionaldigital.com.br\/index.php?rest_route=%2Fwp%2Fv2%2Fcomments&post=161868"}],"version-history":[{"count":0,"href":"https:\/\/diarioregionaldigital.com.br\/index.php?rest_route=\/wp\/v2\/posts\/161868\/revisions"}],"wp:featuredmedia":[{"embeddable":true,"href":"https:\/\/diarioregionaldigital.com.br\/index.php?rest_route=\/wp\/v2\/media\/160712"}],"wp:attachment":[{"href":"https:\/\/diarioregionaldigital.com.br\/index.php?rest_route=%2Fwp%2Fv2%2Fmedia&parent=161868"}],"wp:term":[{"taxonomy":"category","embeddable":true,"href":"https:\/\/diarioregionaldigital.com.br\/index.php?rest_route=%2Fwp%2Fv2%2Fcategories&post=161868"},{"taxonomy":"post_tag","embeddable":true,"href":"https:\/\/diarioregionaldigital.com.br\/index.php?rest_route=%2Fwp%2Fv2%2Ftags&post=161868"}],"curies":[{"name":"wp","href":"https:\/\/api.w.org\/{rel}","templated":true}]}}