{"id":161852,"date":"2020-06-05T18:44:43","date_gmt":"2020-06-05T21:44:43","guid":{"rendered":"https:\/\/diarioregionaldigital.com.br\/?p=161852"},"modified":"2020-06-05T18:44:43","modified_gmt":"2020-06-05T21:44:43","slug":"governo-paga-r-1783-milhoes-em-emendas-parlamentares-para-reforcar-enfrentamento-da-pandemia-em-minas","status":"publish","type":"post","link":"https:\/\/diarioregionaldigital.com.br\/?p=161852","title":{"rendered":"Governo paga R$ 178,3 milh\u00f5es em emendas parlamentares para refor\u00e7ar enfrentamento da pandemia em Minas"},"content":{"rendered":"<p>Em meio ao avan\u00e7o da pandemia do novo coronav\u00edrus, o\u00a0Governo de Minas, por meio da\u00a0Secretaria de Governo (Segov), d\u00e1 mais um importante passo para refor\u00e7ar o enfrentamento da Covid 19. Foram pagos R$ 178,3 milh\u00f5es provenientes de emendas parlamentares diretamente relacionadas ao programa de combate \u00e0 pandemia. As emendas est\u00e3o inseridas na Lei 23.632, de 2020.<\/p>\n<p>A libera\u00e7\u00e3o do montante, que beneficiar\u00e1 566 munic\u00edpios &#8211; mais da metade (66%) das cidades mineiras \u2013 foi anunciada pelo secret\u00e1rio de Estado de Governo, Igor Eto, durante entrevista coletiva virtual nesta sexta-feira (5\/6).<\/p>\n<p>Os repasses s\u00e3o divididos em a\u00e7\u00f5es voltadas exclusivamente para a Sa\u00fade e a Assist\u00eancia Social e especificamente para o combate ao coronav\u00edrus, por exemplo: a aquisi\u00e7\u00e3o de 9.455 unidades de kits emergenciais (com alimentos, material de higiene, limpeza e cobertores, entre outros itens) para popula\u00e7\u00e3o em situa\u00e7\u00e3o de vulnerabilidade social por meio da\u00a0Secretaria de Estado de Desenvolvimento Social (Sedese); compra de insumos para realiza\u00e7\u00e3o de testes de diagn\u00f3stico para covid-19 feitos pela Hemominas; custeio, an\u00e1lise e diagn\u00f3stico para o desenvolvimento de pesquisas desenvolvidas pela Funed; al\u00e9m de outros investimentos na\u00a0Fhemig, e repasses para os fundos municipais de Sa\u00fade e hospitais filantr\u00f3picos pelo Fundo Estadual de Sa\u00fade (FES).<\/p>\n<p><strong>Agiliza\u00e7\u00e3o<\/strong><\/p>\n<p>O secret\u00e1rio Igor Eto afirmou que a libera\u00e7\u00e3o dos recursos vai agilizar o combate \u00e0 covid-19 em todo o estado. \u201cA libera\u00e7\u00e3o das emendas parlamentares, parte delas oriunda do acordo de remanejamento feito pelo Governo de Minas em parceria com a Assembleia Legislativa, demonstra sensibilidade e agilidade, com resposta firme e contundente do poder p\u00fablico mineiro de um modo geral, tanto do Legislativo quanto do Executivo, no combate ao coronav\u00edrus\u201d, comentou.<\/p>\n<p>E acrescentou: \u201cDemonstra, ainda, foco de todo o poder p\u00fablico em resolver os problemas do cidad\u00e3o do nosso estado. O fato de fazer acordo global com os parlamentares, que tamb\u00e9m conhecem os problemas de Minas de perto, me alegra, pois sei que o dinheiro chegar\u00e1 a todos os cantos de Minas. Fico muito orgulhoso disso, pois o momento exige uni\u00e3o dos poderes. Agrade\u00e7o ao presidente Agostinho Patrus por ter ajudado a alinhavar o acordo e aos parlamentares mineiros\u201d, afirma.<\/p>\n<p><strong>Amplia\u00e7\u00e3o de leitos<\/strong><\/p>\n<p>Tamb\u00e9m na coletiva, gestores da\u00a0Secretaria de Estado de Sa\u00fade de Minas Gerais (SES-MG), apresentaram o cen\u00e1rio epidemiol\u00f3gico da covid-19 no Estado: 13.995 casos confirmados, dos quais 7.703 est\u00e3o em acompanhamento e outros 5.948 s\u00e3o considerados de pacientes recuperados. H\u00e1 344 mortes confirmadas em decorr\u00eancia da doen\u00e7a. Tamb\u00e9m foram abordados os processos de ativa\u00e7\u00e3o de leitos de UTI nas regi\u00f5es do estado que det\u00eam menor quantitativo.<\/p>\n<p>O secret\u00e1rio adjunto da SES-MG, Marcelo Cabral, refor\u00e7ou que Minas Gerais tem feito esfor\u00e7os no sentido de habilitar leitos de terapia intensiva nas macrorregi\u00f5es sanit\u00e1rias que apresentam menor quantitativo instalada. \u201cTemos feito essa interlocu\u00e7\u00e3o com o Minist\u00e9rio da Sa\u00fade e com os munic\u00edpios, uma vez que a gest\u00e3o \u00e9 tripartite, ou seja, \u00e9 compartilhada entre a Uni\u00e3o, o Estado e os munic\u00edpios. Temos buscado incessantemente essas amplia\u00e7\u00f5es, n\u00e3o s\u00f3 do ponto de vista dos leitos, mas tamb\u00e9m nas melhorias de condi\u00e7\u00e3o de transporte de pacientes nessas regi\u00f5es\u201d, analisou.<\/p>\n<p>J\u00e1 o chefe de Gabinete da SES-MG, Jo\u00e3o Pinho, considerou que os grupos em que \u00e9 recomendada a testagem t\u00eam sido ampliados no decorrer do tempo, citando como exemplo as inclus\u00f5es de profissionais de Sa\u00fade, Seguran\u00e7a P\u00fablica e, mais recentemente, comunidades ind\u00edgenas. Pinho tamb\u00e9m mencionou o monitoramento laboratorial com exames dos casos que evolu\u00edram para \u00f3bito. \u201cN\u00f3s temos um crit\u00e9rio rigoroso para testagem de \u00f3bito, todas as mortes suspeitas s\u00e3o testadas. Nesse contexto, verificando que a nossa taxa de letalidade \u00e9 inferior \u00e0 m\u00e9dia brasileira, na nossa interpreta\u00e7\u00e3o, esse \u00e9 um fator que demonstra que temos uma pol\u00edtica efetiva e com dados s\u00f3lidos\u201d, avaliou.<\/p>\n<p><strong>Shoppings<\/strong><\/p>\n<p>O chefe de Gabinete tamb\u00e9m abordou a decis\u00e3o que levou a uma poss\u00edvel a abertura de shoppings, nos termos do plano Minas Consciente. Al\u00e9m dos crit\u00e9rios de indicadores de sa\u00fade e dos \u00edndices econ\u00f4micos, foi considerado tamb\u00e9m o crit\u00e9rio jur\u00eddico, com o princ\u00edpio da isonomia. \u201cSe considerarmos, por exemplo, um munic\u00edpio que estivesse em regi\u00e3o com a onda branca, em que uma loja de m\u00f3veis estaria apta ao funcionamento. Ent\u00e3o ter\u00edamos uma situa\u00e7\u00e3o em que o lojista do mesmo ramo de atividade n\u00e3o teria condi\u00e7\u00e3o de funcionar por estar em shopping\u201d, informou.<\/p>\n<p>Pinho explicou que a SES, por meio do Centro de Opera\u00e7\u00f5es de Emerg\u00eancia de Sa\u00fade (Coes) elaborou protocolos para possibilitar esse funcionamento dentro do shopping. H\u00e1 uma s\u00e9rie de restri\u00e7\u00f5es, como limite do n\u00famero de pessoas, term\u00f4metros para mensura\u00e7\u00e3o de temperatura, limita\u00e7\u00e3o ao tempo de perman\u00eancia, a proibi\u00e7\u00e3o de funcionamento de \u00e1reas de entretenimento. \u201cO funcionamento est\u00e1 restrito \u00e0 realiza\u00e7\u00e3o de compras\u201d, destacou.<\/p>\n<p><strong>Chamamento p\u00fablico<\/strong><\/p>\n<p>O secret\u00e1rio adjunto Marcelo Cabral detalhou o processo de chamamento p\u00fablico para sele\u00e7\u00e3o de organiza\u00e7\u00f5es sociais interessadas na gest\u00e3o do Hospital de Campanha, montado na Expominas. \u201cNo \u00e2mbito estadual, n\u00f3s temos a Lei 23.081, que j\u00e1 est\u00e1 em vigor e a Lei 23.081, que regulamenta esse regime de gest\u00e3o. N\u00f3s faremos inicialmente um processo de habilita\u00e7\u00e3o dessas organiza\u00e7\u00f5es sociais, que ser\u00e3o catalogadas. Posteriormente \u00e9 feita uma disputa, para selecionar a melhor entre elas. \u00c9 importante ressaltar que o hospital de campanha \u00e9 uma reserva, caso houvesse estrangulamento da rede de sa\u00fade, o que felizmente n\u00e3o aconteceu\u201d, explicou.<\/p>\n<p><strong>Fonte:\u00a0<\/strong>Ag\u00eancia Minas<\/p>\n","protected":false},"excerpt":{"rendered":"<p>Em meio ao avan\u00e7o da pandemia do novo coronav\u00edrus, o\u00a0Governo de Minas, por meio da\u00a0Secretaria de Governo (Segov), d\u00e1 mais um importante passo para refor\u00e7ar o enfrentamento da Covid 19. Foram pagos R$ 178,3 milh\u00f5es provenientes de emendas parlamentares diretamente relacionadas ao programa de combate \u00e0 pandemia. As emendas est\u00e3o inseridas na Lei 23.632, de [&hellip;]<\/p>\n","protected":false},"author":96,"featured_media":161853,"comment_status":"closed","ping_status":"closed","sticky":false,"template":"","format":"standard","meta":{"footnotes":""},"categories":[436,440,254,439],"tags":[],"class_list":["post-161852","post","type-post","status-publish","format-standard","has-post-thumbnail","hentry","category-destaque-da-semana","category-destaques-do-dia","category-politica","category-ultima-hora"],"_links":{"self":[{"href":"https:\/\/diarioregionaldigital.com.br\/index.php?rest_route=\/wp\/v2\/posts\/161852","targetHints":{"allow":["GET"]}}],"collection":[{"href":"https:\/\/diarioregionaldigital.com.br\/index.php?rest_route=\/wp\/v2\/posts"}],"about":[{"href":"https:\/\/diarioregionaldigital.com.br\/index.php?rest_route=\/wp\/v2\/types\/post"}],"author":[{"embeddable":true,"href":"https:\/\/diarioregionaldigital.com.br\/index.php?rest_route=\/wp\/v2\/users\/96"}],"replies":[{"embeddable":true,"href":"https:\/\/diarioregionaldigital.com.br\/index.php?rest_route=%2Fwp%2Fv2%2Fcomments&post=161852"}],"version-history":[{"count":0,"href":"https:\/\/diarioregionaldigital.com.br\/index.php?rest_route=\/wp\/v2\/posts\/161852\/revisions"}],"wp:featuredmedia":[{"embeddable":true,"href":"https:\/\/diarioregionaldigital.com.br\/index.php?rest_route=\/wp\/v2\/media\/161853"}],"wp:attachment":[{"href":"https:\/\/diarioregionaldigital.com.br\/index.php?rest_route=%2Fwp%2Fv2%2Fmedia&parent=161852"}],"wp:term":[{"taxonomy":"category","embeddable":true,"href":"https:\/\/diarioregionaldigital.com.br\/index.php?rest_route=%2Fwp%2Fv2%2Fcategories&post=161852"},{"taxonomy":"post_tag","embeddable":true,"href":"https:\/\/diarioregionaldigital.com.br\/index.php?rest_route=%2Fwp%2Fv2%2Ftags&post=161852"}],"curies":[{"name":"wp","href":"https:\/\/api.w.org\/{rel}","templated":true}]}}