{"id":161849,"date":"2020-06-05T18:42:21","date_gmt":"2020-06-05T21:42:21","guid":{"rendered":"https:\/\/diarioregionaldigital.com.br\/?p=161849"},"modified":"2020-06-05T18:42:21","modified_gmt":"2020-06-05T21:42:21","slug":"governador-lanca-projeto-de-centro-de-acolhimento-para-os-animais","status":"publish","type":"post","link":"https:\/\/diarioregionaldigital.com.br\/?p=161849","title":{"rendered":"Governador lan\u00e7a projeto de centro de acolhimento para os animais"},"content":{"rendered":"<p><main class=\"clear margin-md-bottom-3\"><\/p>\n<div class=\"clear \">\n<p>No Dia Mundial do Meio Ambiente o governador Romeu Zema participou do lan\u00e7amento virtual do \u201cProjeto Pioneiro de Acolhida, Abrigo e Ado\u00e7\u00e3o de Fauna Dom\u00e9stica Abandonada\u201d. A iniciativa tem objetivo de criar centros de acolhimentos para ajudar a reduzir a popula\u00e7\u00e3o de animais de rua por meio de a\u00e7\u00f5es que contribuam para mudan\u00e7a comportamental da popula\u00e7\u00e3o e dos munic\u00edpios.<\/p>\n<p>O primeiro centro no estado ser\u00e1 em Matozinhos, munic\u00edpio da Regi\u00e3o Metropolitana de Belo Horizonte (RMBH), onde j\u00e1 se encontra a sede da Sociedade Mineira de Prote\u00e7\u00e3o dos Animais.<\/p>\n<p>O projeto nasce com o apoio volunt\u00e1rio da mineradora Anglo American Brasil, que identificou nesta a\u00e7\u00e3o a possibilidade de compartilhar a sua gest\u00e3o com os diversos pleitos municipais sobre a fauna dom\u00e9stica.<\/p>\n<p>O governador parabenizou a iniciativa da empresa e afirmou que Minas sai na frente mais uma vez com um projeto que pode ser refer\u00eancia em todo o pa\u00eds. \u201cQue Minas fa\u00e7a mais uma vez um programa que seja inspirador para outros estados. N\u00e3o \u00e9 s\u00f3 uma quest\u00e3o ambiental, mas de sa\u00fade p\u00fablica, j\u00e1 que os animais podem transmitir doen\u00e7as\u201d, explicou.<\/p>\n<p><strong>Desafio<\/strong><\/p>\n<p>De acordo com o secret\u00e1rio de Estado de\u00a0Meio Ambiente e Desenvolvimento Sustent\u00e1vel,\u00a0Germano Vieira, o assunto tem sido um grande desafio da gest\u00e3o p\u00fablica municipal, que recebe vasto n\u00famero de den\u00fancias de maus tratos de animais dom\u00e9sticos, de rua e do controle de zoonose. \u201cEste centro de acolhimento nasce para ser uma refer\u00eancia, uma vez replicado, de como os munic\u00edpios poder\u00e3o ter uma ideia exata de custos, equipamentos e estrutura\u201d, explicou.<\/p>\n<p>O estado atua como refer\u00eancia t\u00e9cnica, por meio de orienta\u00e7\u00f5es, e desempenha o papel de mobiliza\u00e7\u00e3o e uni\u00e3o entre empresas e prefeituras para viabiliza\u00e7\u00e3o do projeto.<\/p>\n<p><strong>Prop\u00f3sito<\/strong><\/p>\n<p>Para o presidente da Anglo American Brasil, Wilfred Bruijn, a causa se enquadra no prop\u00f3sito da empresa, que passa pela lideran\u00e7a corporativa confi\u00e1vel, comunidades pr\u00f3speras e um ambiente saud\u00e1vel com metas desafiadoras para serem atingidas at\u00e9 2030. \u201cDentro disso se insere esta a\u00e7\u00e3o volunt\u00e1ria de implantar este projeto t\u00e3o importante para a sa\u00fade p\u00fablica e para o bem-estar da fauna\u201d, disse.<\/p>\n<p>Participaram ainda do lan\u00e7amento do programa o deputado estadual e presidente da Comiss\u00e3o de Meio Ambiente e Desenvolvimento Sustent\u00e1vel, Noraldino Junior; o diretor T\u00e9cnico de Projetos e Sustentabilidade da Anglo American, Aldo Souza; o diretor de Assuntos Corporativos da Anglo American, Ivan Sim\u00f5es; a promotora do Centro de Apoio Operacional das Promotorias de Justi\u00e7a de Defesa do Meio Ambiente do Minist\u00e9rio P\u00fablico (Caoma), Andressa Lanchotti; o prefeito de Concei\u00e7\u00e3o do Mato Dentro, Jos\u00e9 Fernando; o presidente da Fiemg, Fl\u00e1vio Roscoe; a m\u00e9dica veterin\u00e1ria especialista em Controle Populacional e Medicina do Coletivo, Fl\u00e1via Quadros e deputados estaduais da Comiss\u00e3o de Meio Ambiente e Desenvolvimento Sustent\u00e1vel.<\/p>\n<p><strong>Fonte:\u00a0<\/strong>Ag\u00eancia Minas<\/p>\n<\/div>\n<p><\/main><\/p>\n","protected":false},"excerpt":{"rendered":"<p>No Dia Mundial do Meio Ambiente o governador Romeu Zema participou do lan\u00e7amento virtual do \u201cProjeto Pioneiro de Acolhida, Abrigo e Ado\u00e7\u00e3o de Fauna Dom\u00e9stica Abandonada\u201d. A iniciativa tem objetivo de criar centros de acolhimentos para ajudar a reduzir a popula\u00e7\u00e3o de animais de rua por meio de a\u00e7\u00f5es que contribuam para mudan\u00e7a comportamental da [&hellip;]<\/p>\n","protected":false},"author":96,"featured_media":161850,"comment_status":"closed","ping_status":"closed","sticky":false,"template":"","format":"standard","meta":{"footnotes":""},"categories":[436,254,439],"tags":[],"class_list":["post-161849","post","type-post","status-publish","format-standard","has-post-thumbnail","hentry","category-destaque-da-semana","category-politica","category-ultima-hora"],"_links":{"self":[{"href":"https:\/\/diarioregionaldigital.com.br\/index.php?rest_route=\/wp\/v2\/posts\/161849","targetHints":{"allow":["GET"]}}],"collection":[{"href":"https:\/\/diarioregionaldigital.com.br\/index.php?rest_route=\/wp\/v2\/posts"}],"about":[{"href":"https:\/\/diarioregionaldigital.com.br\/index.php?rest_route=\/wp\/v2\/types\/post"}],"author":[{"embeddable":true,"href":"https:\/\/diarioregionaldigital.com.br\/index.php?rest_route=\/wp\/v2\/users\/96"}],"replies":[{"embeddable":true,"href":"https:\/\/diarioregionaldigital.com.br\/index.php?rest_route=%2Fwp%2Fv2%2Fcomments&post=161849"}],"version-history":[{"count":0,"href":"https:\/\/diarioregionaldigital.com.br\/index.php?rest_route=\/wp\/v2\/posts\/161849\/revisions"}],"wp:featuredmedia":[{"embeddable":true,"href":"https:\/\/diarioregionaldigital.com.br\/index.php?rest_route=\/wp\/v2\/media\/161850"}],"wp:attachment":[{"href":"https:\/\/diarioregionaldigital.com.br\/index.php?rest_route=%2Fwp%2Fv2%2Fmedia&parent=161849"}],"wp:term":[{"taxonomy":"category","embeddable":true,"href":"https:\/\/diarioregionaldigital.com.br\/index.php?rest_route=%2Fwp%2Fv2%2Fcategories&post=161849"},{"taxonomy":"post_tag","embeddable":true,"href":"https:\/\/diarioregionaldigital.com.br\/index.php?rest_route=%2Fwp%2Fv2%2Ftags&post=161849"}],"curies":[{"name":"wp","href":"https:\/\/api.w.org\/{rel}","templated":true}]}}