{"id":161846,"date":"2020-06-05T17:42:10","date_gmt":"2020-06-05T20:42:10","guid":{"rendered":"https:\/\/diarioregionaldigital.com.br\/?p=161846"},"modified":"2020-06-05T17:42:10","modified_gmt":"2020-06-05T20:42:10","slug":"demlurb-segue-com-os-trabalhos-de-higienizacao-e-desinfeccao-em-locais-publicos","status":"publish","type":"post","link":"https:\/\/diarioregionaldigital.com.br\/?p=161846","title":{"rendered":"Demlurb segue com os trabalhos de higieniza\u00e7\u00e3o e desinfec\u00e7\u00e3o em locais p\u00fablicos"},"content":{"rendered":"<p><span style=\"font-weight: 400;\">Seguindo com os trabalhos de preven\u00e7\u00e3o ao Coronav\u00edrus, o Departamento Municipal de Limpeza Urbana (Demlurb), realizaram durante a semana os servi\u00e7os de higieniza\u00e7\u00e3o e desinfec\u00e7\u00e3o de locais p\u00fablicos de Juiz de Fora.<\/span><\/p>\n<p><span style=\"font-weight: 400;\">A programa\u00e7\u00e3o focou em locais de grande circula\u00e7\u00e3o de pessoas, como as unidades b\u00e1sicas de Sa\u00fade (UBSs) dos bairros Teixeiras, Ipiranga, Santa Luzia e Sagrado Cora\u00e7\u00e3o, Regional Leste e de Pronto Atendimento (UPA) de Santa Luzia, Benfica e S\u00e3o Pedro; no entorno aos hospitais \u201cAlbert Sabin\u201d, \u201cS\u00e3o Vicente de Paula\u201d, \u201cNove de Julho\u201d, Santa Casa de Miseric\u00f3rdia, Pronto Socorro \u201cDoutor Mozart Teixeira\u201d (HPS), Maternidade \u201cTherezinha de Jesus\u201d, Universit\u00e1rio, Doutor \u201cJo\u00e3o Fel\u00edcio\u201d, \u201cMonte Sinai\u201d e Associa\u00e7\u00e3o Feminina de Preven\u00e7\u00e3o e Combate ao C\u00e2ncer (Ascomcer).<\/span><\/p>\n<p><span style=\"font-weight: 400;\">Al\u00e9m disso, o Demlurb realizou limpeza em todos os 32 pontos de \u00f4nibus da Avenida Rio Branco e tamb\u00e9m diversas ruas situadas no centro da cidade, assim como em institui\u00e7\u00f5es nas regi\u00f5es noroeste, central, leste, oeste e sul de Juiz de Fora.<\/span><\/p>\n","protected":false},"excerpt":{"rendered":"<p>Seguindo com os trabalhos de preven\u00e7\u00e3o ao Coronav\u00edrus, o Departamento Municipal de Limpeza Urbana (Demlurb), realizaram durante a semana os servi\u00e7os de higieniza\u00e7\u00e3o e desinfec\u00e7\u00e3o de locais p\u00fablicos de Juiz de Fora. A programa\u00e7\u00e3o focou em locais de grande circula\u00e7\u00e3o de pessoas, como as unidades b\u00e1sicas de Sa\u00fade (UBSs) dos bairros Teixeiras, Ipiranga, Santa Luzia [&hellip;]<\/p>\n","protected":false},"author":96,"featured_media":161847,"comment_status":"closed","ping_status":"closed","sticky":false,"template":"","format":"standard","meta":{"footnotes":""},"categories":[253,436,439],"tags":[],"class_list":["post-161846","post","type-post","status-publish","format-standard","has-post-thumbnail","hentry","category-cidade","category-destaque-da-semana","category-ultima-hora"],"_links":{"self":[{"href":"https:\/\/diarioregionaldigital.com.br\/index.php?rest_route=\/wp\/v2\/posts\/161846","targetHints":{"allow":["GET"]}}],"collection":[{"href":"https:\/\/diarioregionaldigital.com.br\/index.php?rest_route=\/wp\/v2\/posts"}],"about":[{"href":"https:\/\/diarioregionaldigital.com.br\/index.php?rest_route=\/wp\/v2\/types\/post"}],"author":[{"embeddable":true,"href":"https:\/\/diarioregionaldigital.com.br\/index.php?rest_route=\/wp\/v2\/users\/96"}],"replies":[{"embeddable":true,"href":"https:\/\/diarioregionaldigital.com.br\/index.php?rest_route=%2Fwp%2Fv2%2Fcomments&post=161846"}],"version-history":[{"count":0,"href":"https:\/\/diarioregionaldigital.com.br\/index.php?rest_route=\/wp\/v2\/posts\/161846\/revisions"}],"wp:featuredmedia":[{"embeddable":true,"href":"https:\/\/diarioregionaldigital.com.br\/index.php?rest_route=\/wp\/v2\/media\/161847"}],"wp:attachment":[{"href":"https:\/\/diarioregionaldigital.com.br\/index.php?rest_route=%2Fwp%2Fv2%2Fmedia&parent=161846"}],"wp:term":[{"taxonomy":"category","embeddable":true,"href":"https:\/\/diarioregionaldigital.com.br\/index.php?rest_route=%2Fwp%2Fv2%2Fcategories&post=161846"},{"taxonomy":"post_tag","embeddable":true,"href":"https:\/\/diarioregionaldigital.com.br\/index.php?rest_route=%2Fwp%2Fv2%2Ftags&post=161846"}],"curies":[{"name":"wp","href":"https:\/\/api.w.org\/{rel}","templated":true}]}}