{"id":161843,"date":"2020-06-05T17:15:02","date_gmt":"2020-06-05T20:15:02","guid":{"rendered":"https:\/\/diarioregionaldigital.com.br\/?p=161843"},"modified":"2020-06-05T17:15:02","modified_gmt":"2020-06-05T20:15:02","slug":"hemominas-recebe-primeiro-voluntario-de-doacao-de-plasma-para-tratamento-da-covid-19","status":"publish","type":"post","link":"https:\/\/diarioregionaldigital.com.br\/?p=161843","title":{"rendered":"Hemominas recebe primeiro volunt\u00e1rio de doa\u00e7\u00e3o de plasma para tratamento da covid-19"},"content":{"rendered":"<p>Nesta sexta-feira (5), foi realizada a primeira coleta de plasma para o estudo\u00a0desenvolvido por pesquisadores da\u00a0Funda\u00e7\u00e3o Hemominas, com objetivo de ajudar na recupera\u00e7\u00e3o de pacientes internados por covid-19.<\/p>\n<p>O volunt\u00e1rio L.P.R.L, 32 anos, compareceu ao Hemocentro de Belo Horizonte para fazer a coleta pelo m\u00e9todo de af\u00e9rese, no qual \u00e9 retirada somente uma parte do sangue &#8211; nesse caso, o plasma.<\/p>\n<p>O doador j\u00e1 havia feito uma primeira visita \u00e0 Hemominas, no dia 3\/6, na qual passou por uma triagem m\u00e9dica e fez alguns exames para confirmar se estava dentro de todos os crit\u00e9rios para o estudo.<\/p>\n<p>A previs\u00e3o \u00e9 que, no in\u00edcio da pr\u00f3xima semana, o plasma deste doador j\u00e1 esteja dispon\u00edvel para utiliza\u00e7\u00e3o nos pacientes internados.<\/p>\n<p>O estudo\u00a0\u201cImunoterapia passiva como alternativa terap\u00eautica de tratamento de pacientes com a forma grave de covid-19\u201d foi autorizado pelo Conselho Nacional de \u00c9tica em Pesquisa (Conep).<\/p>\n<p>A presidente da Hemominas, a m\u00e9dica hematologista J\u00fania Cioffi, esclarece que este tipo de terapia tem apresentado resultados satisfat\u00f3rios e j\u00e1 foi utilizado em outros surtos de doen\u00e7as infecciosas, como em pacientes infectados por SARS, MERS, H1N1 e ebola.<\/p>\n<p>J\u00fania Cioffi aposta, mais uma vez, na solidariedade dos mineiros: \u201cPara obter o plasma necess\u00e1rio para o estudo \u00e9 preciso que aqueles que j\u00e1 se curaram da infec\u00e7\u00e3o e foram liberados do isolamento obrigat\u00f3rio estejam dispostos a participar do processo e ceder o sangue\u201d, acrescenta.<\/p>\n<p>O projeto \u00e9 coordenado pelo m\u00e9dico hematologista da Funda\u00e7\u00e3o Hemominas, Marcelo Froes, e realizado em parceria com a\u00a0Funda\u00e7\u00e3o Hospitalar de Minas Gerais (Fhemig), por meio do Hospital Eduardo de Menezes, e a UFMG, via Instituto de Ci\u00eancias Biol\u00f3gicas.<\/p>\n<p><strong>Doadores<\/strong><\/p>\n<p>Para participar do estudo, \u00e9 preciso ter o seguinte perfil:<\/p>\n<ul>\n<li>Ser do sexo masculino;<\/li>\n<li>Ter entre 18 e 60 anos;<\/li>\n<li>Ter um resultado de PCR positivo para SARS-Cov-2 (novo coronav\u00edrus);<\/li>\n<li>N\u00e3o apresentar sintomas da covid-19 h\u00e1, pelo menos, 14 dias;<\/li>\n<li>J\u00e1 ter sido liberado do isolamento obrigat\u00f3rio pelo m\u00e9dico;<\/li>\n<li>Estar apto, segundo os\u00a0demais crit\u00e9rios de doa\u00e7\u00e3o regular de sangue.<\/li>\n<\/ul>\n<p>Os volunt\u00e1rios que se enquadrarem nos quesitos acima devem agendar a doa\u00e7\u00e3o de plasma no Servi\u00e7o de Af\u00e9rese do Hemocentro de Belo Horizonte pelo telefone: (31) 3768-4524.<\/p>\n<p>Ap\u00f3s o agendamento, o doador de plasma precisar\u00e1 comparecer duas vezes ao Hemocentro de Belo Horizonte. Na primeira visita, ser\u00e1 feita uma entrevista e a coleta de material para exames.<\/p>\n<p>Na segunda visita, ser\u00e1 realizada a doa\u00e7\u00e3o do plasma, por meio de um processo denominado af\u00e9rese. Esse processo permite que seja retirado apenas o hemocomponente necess\u00e1rio \u2013 o plasma &#8211; retornando os demais componentes para o doador. \u00c9 um procedimento seguro, que \u00e9 realizado em 40 minutos, aproximadamente.<\/p>\n<p>O estudo, neste primeiro momento, ser\u00e1 feito apenas em doadores do sexo masculino. O coordenador Marcelo Froes explica o motivo de n\u00e3o ser coletado plasma de doadoras do sexo feminino: \u201cAs mulheres s\u00e3o consideradas grupos de risco para doa\u00e7\u00e3o do plasma porque, caso j\u00e1 tenham estado gr\u00e1vidas, podem ter desenvolvido anticorpos que podem causar rea\u00e7\u00f5es pulmonares graves em pacientes com covid-19\u201d.<\/p>\n<p><strong>Fonte:<\/strong> Ag\u00eancia Minas<\/p>\n","protected":false},"excerpt":{"rendered":"<p>Nesta sexta-feira (5), foi realizada a primeira coleta de plasma para o estudo\u00a0desenvolvido por pesquisadores da\u00a0Funda\u00e7\u00e3o Hemominas, com objetivo de ajudar na recupera\u00e7\u00e3o de pacientes internados por covid-19. O volunt\u00e1rio L.P.R.L, 32 anos, compareceu ao Hemocentro de Belo Horizonte para fazer a coleta pelo m\u00e9todo de af\u00e9rese, no qual \u00e9 retirada somente uma parte do [&hellip;]<\/p>\n","protected":false},"author":96,"featured_media":161844,"comment_status":"closed","ping_status":"closed","sticky":false,"template":"","format":"standard","meta":{"footnotes":""},"categories":[436,254,439],"tags":[],"class_list":["post-161843","post","type-post","status-publish","format-standard","has-post-thumbnail","hentry","category-destaque-da-semana","category-politica","category-ultima-hora"],"_links":{"self":[{"href":"https:\/\/diarioregionaldigital.com.br\/index.php?rest_route=\/wp\/v2\/posts\/161843","targetHints":{"allow":["GET"]}}],"collection":[{"href":"https:\/\/diarioregionaldigital.com.br\/index.php?rest_route=\/wp\/v2\/posts"}],"about":[{"href":"https:\/\/diarioregionaldigital.com.br\/index.php?rest_route=\/wp\/v2\/types\/post"}],"author":[{"embeddable":true,"href":"https:\/\/diarioregionaldigital.com.br\/index.php?rest_route=\/wp\/v2\/users\/96"}],"replies":[{"embeddable":true,"href":"https:\/\/diarioregionaldigital.com.br\/index.php?rest_route=%2Fwp%2Fv2%2Fcomments&post=161843"}],"version-history":[{"count":0,"href":"https:\/\/diarioregionaldigital.com.br\/index.php?rest_route=\/wp\/v2\/posts\/161843\/revisions"}],"wp:featuredmedia":[{"embeddable":true,"href":"https:\/\/diarioregionaldigital.com.br\/index.php?rest_route=\/wp\/v2\/media\/161844"}],"wp:attachment":[{"href":"https:\/\/diarioregionaldigital.com.br\/index.php?rest_route=%2Fwp%2Fv2%2Fmedia&parent=161843"}],"wp:term":[{"taxonomy":"category","embeddable":true,"href":"https:\/\/diarioregionaldigital.com.br\/index.php?rest_route=%2Fwp%2Fv2%2Fcategories&post=161843"},{"taxonomy":"post_tag","embeddable":true,"href":"https:\/\/diarioregionaldigital.com.br\/index.php?rest_route=%2Fwp%2Fv2%2Ftags&post=161843"}],"curies":[{"name":"wp","href":"https:\/\/api.w.org\/{rel}","templated":true}]}}