{"id":161840,"date":"2020-06-05T17:13:06","date_gmt":"2020-06-05T20:13:06","guid":{"rendered":"https:\/\/diarioregionaldigital.com.br\/?p=161840"},"modified":"2020-06-05T17:13:06","modified_gmt":"2020-06-05T20:13:06","slug":"semaur-faz-alerta-sobre-consequencias-de-incendios-nas-areas-verdes","status":"publish","type":"post","link":"https:\/\/diarioregionaldigital.com.br\/?p=161840","title":{"rendered":"Semaur faz alerta sobre consequ\u00eancias de inc\u00eandios nas \u00e1reas verdes"},"content":{"rendered":"<p>Comemorado nesta sexta-feira, 5, o Dia Mundial do Meio Ambiente tem como tema este ano a \u201cBiodiversidade\u201d. Como n\u00e3o ser\u00e1 poss\u00edvel realizar eventos e a\u00e7\u00f5es para celebrar a data, devido ao combate \u00e0 pandemia do coronav\u00edrus, a Prefeitura de Juiz de Fora (PJF), por meio da Secretaria de Meio Ambiente e Ordenamento Urbano (Semaur), promove alerta \u00e0 popula\u00e7\u00e3o sobre a import\u00e2ncia de evitar queimadas, principalmente neste per\u00edodo de seca. Os inc\u00eandios afetam diretamente as \u00e1reas verdes da cidade, gerando s\u00e9rios preju\u00edzos para a biodiversidade, podendo causar perdas irrecuper\u00e1veis.<\/p>\n<p>Uma simples fogueira pr\u00f3xima a uma \u00e1rea verde pode se transformar em grande inc\u00eandio florestal. Acidentais ou de car\u00e1ter criminoso, as queimadas s\u00e3o consideradas crime. A Lei Federal n\u00ba 9.605\/98, sobre crimes ambientais, prev\u00ea pena de reclus\u00e3o de seis meses a quatro anos, e multa ao respons\u00e1vel, cabendo puni\u00e7\u00e3o, mesmo que a a\u00e7\u00e3o tenha sido culposa. &#8220;A ajuda da popula\u00e7\u00e3o na preven\u00e7\u00e3o e den\u00fancia \u00e9 muito importante. Avise \u00e0s autoridades se notar situa\u00e7\u00f5es que podem apresentar riscos de inc\u00eandio. Se avistar o in\u00edcio de fogo em vegeta\u00e7\u00e3o, ligue 193. Todos somos parceiros na preven\u00e7\u00e3o de inc\u00eandios florestais&#8221;, informou a Assessoria de Comunica\u00e7\u00e3o do 4\u00ba Batalh\u00e3o de Bombeiro Militar de Juiz de Fora.<\/p>\n<p>De acordo com o secret\u00e1rio de Meio Ambiente e Ordenamento Urbano, Luis Cl\u00e1udio Santos Pinto, as consequ\u00eancias de inc\u00eandio afetam a biodiversidade das matas, por degradar o solo, causando desequil\u00edbrio ambiental, e prejudicar seriamente a avifauna e as \u00e1rvores locais, que podem morrer queimadas: \u201cAl\u00e9m disso, gera preju\u00edzos para a sa\u00fade do ser humano, como problemas respirat\u00f3rios, alergias, n\u00e1useas e dor de cabe\u00e7a, entre outros\u201d.<\/p>\n<p>A Semaur \u00e9 a respons\u00e1vel pela preserva\u00e7\u00e3o e manuten\u00e7\u00e3o de diversas \u00e1reas verdes da cidade. Seguindo a linha preventiva, est\u00e1 realizando aceiro no Parque da Lajinha, importante unidade de conserva\u00e7\u00e3o do Munic\u00edpio, que no momento est\u00e1 com visita\u00e7\u00e3o suspensa. Esta a\u00e7\u00e3o visa evitar que ocorram inc\u00eandios florestais e se propaguem no interior do parque. O aceiro est\u00e1 sendo feito ao longo das avenidas Prefeito Mello Reis e Eug\u00eanio do Nascimento, totalizando tr\u00eas mil metros. O trabalho foi iniciado em 27 de maio e tem previs\u00e3o de t\u00e9rmino para a segunda semana deste m\u00eas.<\/p>\n<p>Anualmente, a secretaria realiza diversas atividades educativas nesta \u00e9poca, com este mesmo foco na preven\u00e7\u00e3o de inc\u00eandios em \u00e1reas verdes. As a\u00e7\u00f5es s\u00e3o desenvolvidas em parceria com v\u00e1rios \u00f3rg\u00e3os, como o Corpo de Bombeiros, Pol\u00edcia Militar de Meio Ambiente, Instituto Estadual de Florestas e Guarda Municipal Ambiental, entre outros. Dentre as v\u00e1rias atividades, s\u00e3o realizadas blitze educativas no entorno de algumas regi\u00f5es urbanas do Munic\u00edpio, como Parque da Lajinha e Morro do Cristo.<\/p>\n<p><strong>Fonte:\u00a0<\/strong>Assessoria<\/p>\n","protected":false},"excerpt":{"rendered":"<p>Comemorado nesta sexta-feira, 5, o Dia Mundial do Meio Ambiente tem como tema este ano a \u201cBiodiversidade\u201d. Como n\u00e3o ser\u00e1 poss\u00edvel realizar eventos e a\u00e7\u00f5es para celebrar a data, devido ao combate \u00e0 pandemia do coronav\u00edrus, a Prefeitura de Juiz de Fora (PJF), por meio da Secretaria de Meio Ambiente e Ordenamento Urbano (Semaur), promove [&hellip;]<\/p>\n","protected":false},"author":96,"featured_media":161841,"comment_status":"closed","ping_status":"closed","sticky":false,"template":"","format":"standard","meta":{"footnotes":""},"categories":[253,436,439],"tags":[],"class_list":["post-161840","post","type-post","status-publish","format-standard","has-post-thumbnail","hentry","category-cidade","category-destaque-da-semana","category-ultima-hora"],"_links":{"self":[{"href":"https:\/\/diarioregionaldigital.com.br\/index.php?rest_route=\/wp\/v2\/posts\/161840","targetHints":{"allow":["GET"]}}],"collection":[{"href":"https:\/\/diarioregionaldigital.com.br\/index.php?rest_route=\/wp\/v2\/posts"}],"about":[{"href":"https:\/\/diarioregionaldigital.com.br\/index.php?rest_route=\/wp\/v2\/types\/post"}],"author":[{"embeddable":true,"href":"https:\/\/diarioregionaldigital.com.br\/index.php?rest_route=\/wp\/v2\/users\/96"}],"replies":[{"embeddable":true,"href":"https:\/\/diarioregionaldigital.com.br\/index.php?rest_route=%2Fwp%2Fv2%2Fcomments&post=161840"}],"version-history":[{"count":0,"href":"https:\/\/diarioregionaldigital.com.br\/index.php?rest_route=\/wp\/v2\/posts\/161840\/revisions"}],"wp:featuredmedia":[{"embeddable":true,"href":"https:\/\/diarioregionaldigital.com.br\/index.php?rest_route=\/wp\/v2\/media\/161841"}],"wp:attachment":[{"href":"https:\/\/diarioregionaldigital.com.br\/index.php?rest_route=%2Fwp%2Fv2%2Fmedia&parent=161840"}],"wp:term":[{"taxonomy":"category","embeddable":true,"href":"https:\/\/diarioregionaldigital.com.br\/index.php?rest_route=%2Fwp%2Fv2%2Fcategories&post=161840"},{"taxonomy":"post_tag","embeddable":true,"href":"https:\/\/diarioregionaldigital.com.br\/index.php?rest_route=%2Fwp%2Fv2%2Ftags&post=161840"}],"curies":[{"name":"wp","href":"https:\/\/api.w.org\/{rel}","templated":true}]}}