{"id":161837,"date":"2020-06-05T17:10:40","date_gmt":"2020-06-05T20:10:40","guid":{"rendered":"https:\/\/diarioregionaldigital.com.br\/?p=161837"},"modified":"2020-06-05T17:10:40","modified_gmt":"2020-06-05T20:10:40","slug":"concurso-para-medico-do-trabalho-da-cesama-e-cancelado","status":"publish","type":"post","link":"https:\/\/diarioregionaldigital.com.br\/?p=161837","title":{"rendered":"Concurso para m\u00e9dico do trabalho da Cesama \u00e9 cancelado"},"content":{"rendered":"<p>A Companhia de Saneamento Municipal (Cesama) anunciou o cancelamento do concurso p\u00fablico para o cargo de m\u00e9dico do trabalho. A medida foi tomada em virtude do cen\u00e1rio econ\u00f4mico criado pela pandemia da covid-19, que levou \u00e0 reorganiza\u00e7\u00e3o administrativa da empresa, incluindo redu\u00e7\u00e3o de custos com o quadro de pessoal.<\/p>\n<p>A devolu\u00e7\u00e3o do pagamento da taxa de inscri\u00e7\u00e3o ser\u00e1 feita conforme previsto no\u00a0<a href=\"https:\/\/concursos.ibdoprojetos.org.br\/informacoes\/10\/\">edital<\/a>\u00a0do concurso.<\/p>\n<p><strong>Fonte:\u00a0<\/strong>Assessoria<\/p>\n","protected":false},"excerpt":{"rendered":"<p>A Companhia de Saneamento Municipal (Cesama) anunciou o cancelamento do concurso p\u00fablico para o cargo de m\u00e9dico do trabalho. A medida foi tomada em virtude do cen\u00e1rio econ\u00f4mico criado pela pandemia da covid-19, que levou \u00e0 reorganiza\u00e7\u00e3o administrativa da empresa, incluindo redu\u00e7\u00e3o de custos com o quadro de pessoal. A devolu\u00e7\u00e3o do pagamento da taxa [&hellip;]<\/p>\n","protected":false},"author":96,"featured_media":161838,"comment_status":"closed","ping_status":"closed","sticky":false,"template":"","format":"standard","meta":{"footnotes":""},"categories":[253,436,439],"tags":[],"class_list":["post-161837","post","type-post","status-publish","format-standard","has-post-thumbnail","hentry","category-cidade","category-destaque-da-semana","category-ultima-hora"],"_links":{"self":[{"href":"https:\/\/diarioregionaldigital.com.br\/index.php?rest_route=\/wp\/v2\/posts\/161837","targetHints":{"allow":["GET"]}}],"collection":[{"href":"https:\/\/diarioregionaldigital.com.br\/index.php?rest_route=\/wp\/v2\/posts"}],"about":[{"href":"https:\/\/diarioregionaldigital.com.br\/index.php?rest_route=\/wp\/v2\/types\/post"}],"author":[{"embeddable":true,"href":"https:\/\/diarioregionaldigital.com.br\/index.php?rest_route=\/wp\/v2\/users\/96"}],"replies":[{"embeddable":true,"href":"https:\/\/diarioregionaldigital.com.br\/index.php?rest_route=%2Fwp%2Fv2%2Fcomments&post=161837"}],"version-history":[{"count":0,"href":"https:\/\/diarioregionaldigital.com.br\/index.php?rest_route=\/wp\/v2\/posts\/161837\/revisions"}],"wp:featuredmedia":[{"embeddable":true,"href":"https:\/\/diarioregionaldigital.com.br\/index.php?rest_route=\/wp\/v2\/media\/161838"}],"wp:attachment":[{"href":"https:\/\/diarioregionaldigital.com.br\/index.php?rest_route=%2Fwp%2Fv2%2Fmedia&parent=161837"}],"wp:term":[{"taxonomy":"category","embeddable":true,"href":"https:\/\/diarioregionaldigital.com.br\/index.php?rest_route=%2Fwp%2Fv2%2Fcategories&post=161837"},{"taxonomy":"post_tag","embeddable":true,"href":"https:\/\/diarioregionaldigital.com.br\/index.php?rest_route=%2Fwp%2Fv2%2Ftags&post=161837"}],"curies":[{"name":"wp","href":"https:\/\/api.w.org\/{rel}","templated":true}]}}