{"id":161834,"date":"2020-06-05T17:08:17","date_gmt":"2020-06-05T20:08:17","guid":{"rendered":"https:\/\/diarioregionaldigital.com.br\/?p=161834"},"modified":"2020-06-05T17:08:17","modified_gmt":"2020-06-05T20:08:17","slug":"pjf-comemora-dia-do-meio-ambiente-com-apresentacao-de-programa-e-plataforma-sustentaveis","status":"publish","type":"post","link":"https:\/\/diarioregionaldigital.com.br\/?p=161834","title":{"rendered":"PJF comemora \u201cDia do Meio Ambiente\u201d com apresenta\u00e7\u00e3o de programa e plataforma sustent\u00e1veis"},"content":{"rendered":"<p>Seguindo tend\u00eancia mundial, como uma das sa\u00eddas para a crise econ\u00f4mica p\u00f3s-pandemia, Juiz de Fora atua para responder \u00e0s mudan\u00e7as de comportamento e aos novos modelos de neg\u00f3cios que se apresentar\u00e3o em curto espa\u00e7o de tempo, em um cen\u00e1rio em que economia e sustentabilidade se mostram indissoci\u00e1veis. A resposta n\u00e3o come\u00e7a do zero. Nesta sexta-feira, 5, \u201cDia Mundial do Meio Ambiente\u201d, ser\u00e3o apresentadas as primeiras entregas do &#8220;Programa Produtor de \u00c1guas&#8221; (PPA) e da &#8220;Plataforma de Bioquerosene e Renov\u00e1veis da Zona da Mata&#8221; (PbioZM), em reuni\u00e3o a ser transmitida no facebook da Prefeitura:\u00a0<a href=\"https:\/\/www.facebook.com\/JuizdeForaPJF\">facebook.com\/JuizdeForaPJF<\/a>, \u00e0s 10 horas. O ato ter\u00e1 participa\u00e7\u00e3o do prefeito Ant\u00f4nio Almas, representantes da Prefeitura de Juiz de Fora (PJF), e parceiros nacionais e internacionais da PbioZM, as empresas Geoflorestas, Acrotech, Universidade Federal de Juiz de Fora (UFJF), Governo brit\u00e2nico, Green Fuels, Gol Linhas A\u00e9reas, Ubrabio e Secretaria Nacional de Avia\u00e7\u00e3o Civil.<\/p>\n<p>\u201cEste \u00e9 um momento de fundamental import\u00e2ncia na quest\u00e3o da sustentabilidade, n\u00e3o s\u00f3 em Juiz de Fora, como tamb\u00e9m na regi\u00e3o, num processo universal de uma nova realidade econ\u00f4mica no p\u00f3s-pandemia\u201d, afirmou Ant\u00f4nio Almas. \u201cNeste momento de tantos desafios, nossa cidade e regi\u00e3o demonstram seu vigor, energia e determina\u00e7\u00e3o, ao preparar e concretizar alternativas, juntamente com nossos parceiros, para o enfrentamento, que ser\u00e1 inevit\u00e1vel, diante destas novas dificuldades que j\u00e1 se prenunciam na economia mundial, com s\u00e9rias conseq\u00fc\u00eancias no Brasil e, \u00e9 claro, em nossa regi\u00e3o. Cientes destas responsabilidades em rela\u00e7\u00e3o a este novo tempo, e dentro de nossas convic\u00e7\u00f5es pol\u00edticas, sociais e ambientais, estamos determinados a vencer mais este desafio econ\u00f4mico e ecol\u00f3gico, de olho no presente e nas novas gera\u00e7\u00f5es. E, o que \u00e9 mais importante, neste momento de crise e de inseguran\u00e7a, estes programas geram perspectivas de esperan\u00e7a num futuro bem melhor para todos\u201d, acrescentou o prefeito.<\/p>\n<p>Entre as a\u00e7\u00f5es que ser\u00e3o apresentadas est\u00e1 o in\u00edcio da recupera\u00e7\u00e3o ambiental de 8,6 hectares de \u00e1rea degradada em Juiz de Fora, \u00e0s margens da Represa \u201cDr. Jo\u00e3o Penido\u201d, com o plantio de 600 mudas de maca\u00faba e 14.300 de outras esp\u00e9cies nativas, representando a primeira a\u00e7\u00e3o do PPA no Munic\u00edpio. A iniciativa \u00e9 fruto da doa\u00e7\u00e3o de plantas e servi\u00e7os da empresa Geoflorestas, parceira da Plataforma. Junto a elas, Juiz de Fora passa a contar com duas unidades t\u00e9cnicas de demonstra\u00e7\u00e3o (UTDs), que considera a integra\u00e7\u00e3o da maca\u00faba com outras esp\u00e9cies nativas e o plantio de agricultura sintr\u00f3pica (forma de cultivo que conserva a mata natural, associando-a \u00e0 planta\u00e7\u00e3o de culturas alimentares) com cons\u00f3rcio de feij\u00e3o e milho.<\/p>\n<p>Para a recupera\u00e7\u00e3o ambiental e implanta\u00e7\u00e3o das UTDs, foram contratados produtores rurais da comunidade vizinha, buscando envolv\u00ea-los e transform\u00e1-los em fiscais desta \u00e1rea recuperada, al\u00e9m de trein\u00e1-los em t\u00e9cnicas de manejo agr\u00edcola sustent\u00e1veis, visando transform\u00e1-los em multiplicadores do projeto. Historicamente, todo este espa\u00e7o recuperado sempre sofreu com queimadas e degrada\u00e7\u00e3o.<\/p>\n<p>O secret\u00e1rio de Planejamento e Gest\u00e3o da PJF, R\u00f4mulo Veiga, explicou que, al\u00e9m de criar alternativa de renda para esses produtores, a implanta\u00e7\u00e3o do modelo, que integra lavoura, pecu\u00e1ria e floresta, associado \u00e0s a\u00e7\u00f5es de recupera\u00e7\u00e3o ambiental, \u201c\u00e9 oportunidade de dinamizar o potencial de produ\u00e7\u00e3o de alimentos no Munic\u00edpio, que, mesmo apresentando 65% de \u00e1rea rural, n\u00e3o consegue atender a 1% da demanda local\u201d. Assim, esses produtores poderiam passar a ser, inclusive, fornecedores para o abastecimento de escolas e restaurantes populares da cidade,<\/p>\n<p><b>A import\u00e2ncia da recupera\u00e7\u00e3o da \u00e1rea<\/b><\/p>\n<p>Andr\u00e9 Wilson da Silva \u00e9 pedreiro e, devido \u00e0 pandemia, estava sem prestar servi\u00e7os: \u201cApareceu esse projeto no momento em que est\u00e1vamos precisando, e tem sido bem \u00fatil para a gente. Algo que chegou em nossa comunidade e vai valorizar o bairro, retribuir a natureza, trazendo empregos\u201d. Filho de produtor rural, ele se orgulha de participar do projeto: \u201cTudo o que a gente planta \u00e9 para o nosso consumo, tudo tirado da terra\u201d.<\/p>\n<p>Emerson Silva de Jesus tem 20 anos e j\u00e1 trabalhava como agricultor: \u201cEstou aqui h\u00e1 um m\u00eas e acho o projeto muito importante, com a preserva\u00e7\u00e3o da natureza, al\u00e9m de valorizar a comunidade e trazer emprego\u201d. Daniel Luiz, que acabou de chegar, acredita que haver\u00e1 transforma\u00e7\u00e3o da realidade local: \u201cAcompanho o projeto desde que come\u00e7ou. \u00c9 muito bom para a gente contribuir com algo que vai trazer vida para o planeta. Acredito que esse projeto veio para fazer uma mudan\u00e7a radical, at\u00e9 mesmo na vis\u00e3o das pessoas. Aqui \u00e9 um pasto vazio, e futuramente estar\u00e1 cheio de \u00e1rvores\u201d.<\/p>\n<p><b>Hist\u00f3rico<\/b><\/p>\n<p>Criado a partir da Agenda de Desenvolvimento Econ\u00f4mico da Zona da Mata, que conta com a participa\u00e7\u00e3o da PJF desde 2011, o Projeto \u201cMaca\u00faba Zona da Mata\u201d tem o objetivo de promover a recupera\u00e7\u00e3o ambiental de \u00e1reas degradadas do Munic\u00edpio. Ele tem como base a planta\u00e7\u00e3o da palmeira maca\u00faba com outras esp\u00e9cies nativas, agricultura sintr\u00f3pica e pecu\u00e1ria de leite e corte.<\/p>\n<p>A elevada produtividade de \u00f3leo e prote\u00edna da maca\u00faba, associada \u00e0 sua alta capacidade em fixar \u00e1gua no solo, promovendo a recarga h\u00eddrica dos mananciais, transformou o projeto em grande oportunidade para o desenvolvimento sustent\u00e1vel regional. Entre seus objetivos est\u00e1 a gera\u00e7\u00e3o de empregos e aumento da renda, bem como a recupera\u00e7\u00e3o de mananciais e da Mata Atl\u00e2ntica.<\/p>\n<p>O potencial do projeto despertou o interesse de v\u00e1rios munic\u00edpios da Zona da Mata, que celebraram, em 5 de junho de 2017, um \u201cProtocolo de Inten\u00e7\u00f5es\u201d. Este documento tem como objetivo apoiar a recupera\u00e7\u00e3o de 130 mil hectares de \u00e1reas degradadas na regi\u00e3o, utilizando sistemas de Integra\u00e7\u00e3o Lavoura, Pecu\u00e1ria e Floresta (ILPF), a partir do cons\u00f3rcio de maca\u00faba e outras esp\u00e9cies nativas.<\/p>\n<p><b>\u201cPlataforma de Bioquerosene e Renov\u00e1veis\u201d<\/b><\/p>\n<p>Mas o potencial da maca\u00faba vai al\u00e9m. Ao mesmo tempo em que o projeto se desenvolve na Zona da Mata, a avia\u00e7\u00e3o civil internacional busca alternativas para promo\u00e7\u00e3o da descarboniza\u00e7\u00e3o do setor, imposta pelo \u201cEsquema de Redu\u00e7\u00e3o de Emiss\u00f5es da Avia\u00e7\u00e3o Civil\u201d (Corsia, na sigla em ingl\u00eas), das Na\u00e7\u00f5es Unidas.<\/p>\n<p>No Brasil, a chamada \u201cPlataforma Brasileira de Bioquerosene\u201d vinha testando, entre algumas oleaginosas, o \u00f3leo da maca\u00faba, para produ\u00e7\u00e3o de querosene renov\u00e1vel de avia\u00e7\u00e3o. Apresentando as maiores florestas de maca\u00faba do pa\u00eds, o Governo de Minas criou, em 2014, a \u201cPlataforma Mineira de Bioquerosene\u201d.<\/p>\n<p>Devido \u00e0 lideran\u00e7a da Zona da Mata no \u201cProjeto Maca\u00faba\u201d, foi criada, em 5 de junho de 2018, a \u201cPlataforma de Bioquerosene e Renov\u00e1veis da Zona da Mata\u201d. Seu objetivo \u00e9 o de desenvolver, na regi\u00e3o, cadeia produtiva integrada, para produzir bioquerosene de avia\u00e7\u00e3o e diesel verde (HVO), da agricultura at\u00e9 a asa do avia\u00e7\u00e3o, utilizando a maca\u00faba como principal insumo, bem como viabilizar a implanta\u00e7\u00e3o, em Juiz de Fora, da primeira biorrefinaria no pa\u00eds destinada a produzir, de forma regular, os combust\u00edveis .<\/p>\n<p><b>Programa \u201cProdutor de \u00c1guas\u201d<\/b><\/p>\n<p>Para incentivar o produtor rural a investir em a\u00e7\u00f5es que ajudem a preserva\u00e7\u00e3o, a Ag\u00eancia Nacional de \u00c1guas (ANA) criou o Programa \u201cProdutor de \u00c1guas\u201d (PPA). Ele usa o conceito de Pagamento por Servi\u00e7os Ambientais (PSA), que estimula os produtores a investirem no cuidado do trato com as \u00e1guas, recebendo apoio t\u00e9cnico e financeiro para implementa\u00e7\u00e3o de pr\u00e1ticas conservacionistas. Assim, al\u00e9m do ganho econ\u00f4mico de seu trabalho, o produtor melhora a quantidade e a qualidade da \u00e1gua da regi\u00e3o.<\/p>\n<p>Em Juiz de Fora, o PPA foi institu\u00eddo pela Resolu\u00e7\u00e3o Municipal 147\/2019, voltado para recupera\u00e7\u00e3o das \u00e1reas degradadas, localizadas nas bacias de contribui\u00e7\u00e3o h\u00eddrica dos mananciais da Represa \u201cDr. Jo\u00e3o Penido\u201d e do Ribeir\u00e3o do Esp\u00edrito Santo. Tudo isto a partir de investimentos p\u00fablicos e privados, realizados no contexto da Lei Municipal do Pagamento por servi\u00e7os Ambientais (n\u00ba 13.294\/2016).<\/p>\n<p>A converg\u00eancia dos objetivos do PPA e da \u201cPlataforma de Bioquerosene e Renov\u00e1veis da Zona da Mata\u201d transformou o programa municipal em exemplo nacional e internacional de economia circular, alinhado aos \u201cObjetivos de Desenvolvimento Sustent\u00e1veis\u201d (ODS), estabelecidos pelas Na\u00e7\u00f5es Unidas.<\/p>\n<p><strong>Fonte:\u00a0<\/strong>Assessoria<\/p>\n","protected":false},"excerpt":{"rendered":"<p>Seguindo tend\u00eancia mundial, como uma das sa\u00eddas para a crise econ\u00f4mica p\u00f3s-pandemia, Juiz de Fora atua para responder \u00e0s mudan\u00e7as de comportamento e aos novos modelos de neg\u00f3cios que se apresentar\u00e3o em curto espa\u00e7o de tempo, em um cen\u00e1rio em que economia e sustentabilidade se mostram indissoci\u00e1veis. A resposta n\u00e3o come\u00e7a do zero. Nesta sexta-feira, [&hellip;]<\/p>\n","protected":false},"author":96,"featured_media":161835,"comment_status":"closed","ping_status":"closed","sticky":false,"template":"","format":"standard","meta":{"footnotes":""},"categories":[253,436,439],"tags":[],"class_list":["post-161834","post","type-post","status-publish","format-standard","has-post-thumbnail","hentry","category-cidade","category-destaque-da-semana","category-ultima-hora"],"_links":{"self":[{"href":"https:\/\/diarioregionaldigital.com.br\/index.php?rest_route=\/wp\/v2\/posts\/161834","targetHints":{"allow":["GET"]}}],"collection":[{"href":"https:\/\/diarioregionaldigital.com.br\/index.php?rest_route=\/wp\/v2\/posts"}],"about":[{"href":"https:\/\/diarioregionaldigital.com.br\/index.php?rest_route=\/wp\/v2\/types\/post"}],"author":[{"embeddable":true,"href":"https:\/\/diarioregionaldigital.com.br\/index.php?rest_route=\/wp\/v2\/users\/96"}],"replies":[{"embeddable":true,"href":"https:\/\/diarioregionaldigital.com.br\/index.php?rest_route=%2Fwp%2Fv2%2Fcomments&post=161834"}],"version-history":[{"count":0,"href":"https:\/\/diarioregionaldigital.com.br\/index.php?rest_route=\/wp\/v2\/posts\/161834\/revisions"}],"wp:featuredmedia":[{"embeddable":true,"href":"https:\/\/diarioregionaldigital.com.br\/index.php?rest_route=\/wp\/v2\/media\/161835"}],"wp:attachment":[{"href":"https:\/\/diarioregionaldigital.com.br\/index.php?rest_route=%2Fwp%2Fv2%2Fmedia&parent=161834"}],"wp:term":[{"taxonomy":"category","embeddable":true,"href":"https:\/\/diarioregionaldigital.com.br\/index.php?rest_route=%2Fwp%2Fv2%2Fcategories&post=161834"},{"taxonomy":"post_tag","embeddable":true,"href":"https:\/\/diarioregionaldigital.com.br\/index.php?rest_route=%2Fwp%2Fv2%2Ftags&post=161834"}],"curies":[{"name":"wp","href":"https:\/\/api.w.org\/{rel}","templated":true}]}}