{"id":161828,"date":"2020-06-05T15:53:27","date_gmt":"2020-06-05T18:53:27","guid":{"rendered":"https:\/\/diarioregionaldigital.com.br\/?p=161828"},"modified":"2020-06-05T15:53:27","modified_gmt":"2020-06-05T18:53:27","slug":"representantes-de-restaurantes-self-service-procuram-vereadores-em-busca-de-representatividade-no-pleito-de-retomada-das-suas-atividades","status":"publish","type":"post","link":"https:\/\/diarioregionaldigital.com.br\/?p=161828","title":{"rendered":"Representantes de restaurantes self-service procuram vereadores em busca de representatividade no pleito de retomada das suas atividades"},"content":{"rendered":"<p><span style=\"font-weight: 400;\">Representantes dos restaurantes self-service estiveram na C\u00e2mara na manh\u00e3 desta sexta-feira (5), em busca de representatividade no pleito com o Executivo para a libera\u00e7\u00e3o de suas atividades no escopo da Onda Verde do Minas Consciente. Atualmente, esses restaurantes est\u00e3o elencados na categoria de atividades que ser\u00e3o liberadas apenas na Onda Roxa, uma das \u00faltimas do programa. Os empres\u00e1rios foram recebidos pela Comiss\u00e3o Permanente de Abastecimento, Ind\u00fastria, Com\u00e9rcio, Agropecu\u00e1ria e Defesa do Consumidor, representada pelo seu presidente, o vereador Juraci Scheffer (PT), e pelo vereador Marlon Siqueira (PP). Estiveram presentes tamb\u00e9m a vereadora Ana do Pde. Frederico (PATRIOTA) e os vereadores J\u00falio Obama Jr. (PODE) e Vagner de Oliveira (PSC), al\u00e9m do Secret\u00e1rio de Governo e Comunica\u00e7\u00e3o, Ricardo Miranda, que recebeu as sugest\u00f5es dos empres\u00e1rios.<\/span><\/p>\n<p><span style=\"font-weight: 400;\">Durante a reuni\u00e3o foi lembrado que Juiz de Fora conta com restaurantes que servem alimenta\u00e7\u00e3o por quilo desde 1988, e Juraci Scheffer ponderou que em um estado com as dimens\u00f5es de Minas Gerais, composto por 853 munic\u00edpios, as peculiaridades locais precisam ser consideradas, ainda que haja uma diretriz estadual. \u201cEu acho que o prefeito n\u00e3o pode tamb\u00e9m seguir cegamente o Minas Consciente, estamos em um estado continental.\u201d J\u00e1 o vereador J\u00falio Obama Jr. destacou que os crit\u00e9rios para a libera\u00e7\u00e3o das atividades ainda n\u00e3o est\u00e3o claros. \u201cEu preferiria que a nossa cidade tomasse decis\u00f5es no sentido de entendermos quais s\u00e3o os nossos n\u00fameros e as nossas possibilidades&#8221;. O vereador tamb\u00e9m defendeu que a Prefeitura reavalie a perman\u00eancia no Minas Consciente e ao final da reuni\u00e3o foi deliberado que a C\u00e2mara vai enviar um of\u00edcio ao Executivo levantando a quest\u00e3o.\u00a0<\/span><\/p>\n<p><span style=\"font-weight: 400;\">Marlon Siqueira explicou que para alterar as regras do programa \u00e9 preciso elaborar um plano sanit\u00e1rio com laudo de um m\u00e9dico infectologista, a ser enviado pela PJF ao governo de Minas, e que dessa forma h\u00e1 como reverter alguns pontos do decreto. O empres\u00e1rio Francisco Almeida ressaltou que a situa\u00e7\u00e3o \u00e9 completamente nova e citou um relat\u00f3rio elaborado por uma consultora em seguran\u00e7a alimentar, no qual s\u00e3o detalhadas as medidas que pretendem adotar em quatro categorias, como sal\u00e3o, clientes, funcion\u00e1rios e higieniza\u00e7\u00e3o geral. \u201cO momento n\u00e3o \u00e9 de se falar que n\u00e3o pode, e sim, como pode&#8221;, desabafou. O vereador Vagner de Oliveira citou a controv\u00e9rsia tamb\u00e9m com rela\u00e7\u00e3o ao fechamento das galerias, haja vista que h\u00e1 servi\u00e7os essenciais sendo oferecidos \u00e0 popula\u00e7\u00e3o dentro desses espa\u00e7os. \u201cQue possamos investir na higieniza\u00e7\u00e3o\u201d, destacou.<\/span><\/p>\n<p><span style=\"font-weight: 400;\">Ana Rossignoli, que representa a C\u00e2mara no Comit\u00ea Municipal de Enfrentamento e Preven\u00e7\u00e3o \u00e0 COVID-19, lembrou que o \u00f3rg\u00e3o \u00e9 colegiado e a solu\u00e7\u00e3o sempre se d\u00e1 pelo di\u00e1logo. J\u00e1 o secret\u00e1rio de Governo, Ricardo Miranda, defendeu que a Prefeitura reconhece a exaust\u00e3o social depois de 3 meses de isolamento social, por\u00e9m, compreende tamb\u00e9m a gravidade do problema de sa\u00fade p\u00fablica e que o enfrentamento \u00e0 pandemia \u201cprecisa de um direcionamento que venha de cima e contemple todo mundo\u201d, ponderou. O Comit\u00ea se re\u00fane todas as ter\u00e7as-feiras e as delibera\u00e7\u00f5es do governo de Minas sobre altera\u00e7\u00f5es nas atividades da Onda Verde s\u00e3o divulgadas semanalmente at\u00e9 as sextas-feiras.<\/span><\/p>\n<p><strong>Fonte:\u00a0<\/strong>Assessoria<\/p>\n","protected":false},"excerpt":{"rendered":"<p>Representantes dos restaurantes self-service estiveram na C\u00e2mara na manh\u00e3 desta sexta-feira (5), em busca de representatividade no pleito com o Executivo para a libera\u00e7\u00e3o de suas atividades no escopo da Onda Verde do Minas Consciente. Atualmente, esses restaurantes est\u00e3o elencados na categoria de atividades que ser\u00e3o liberadas apenas na Onda Roxa, uma das \u00faltimas do [&hellip;]<\/p>\n","protected":false},"author":96,"featured_media":161829,"comment_status":"closed","ping_status":"closed","sticky":false,"template":"","format":"standard","meta":{"footnotes":""},"categories":[436,254,439],"tags":[],"class_list":["post-161828","post","type-post","status-publish","format-standard","has-post-thumbnail","hentry","category-destaque-da-semana","category-politica","category-ultima-hora"],"_links":{"self":[{"href":"https:\/\/diarioregionaldigital.com.br\/index.php?rest_route=\/wp\/v2\/posts\/161828","targetHints":{"allow":["GET"]}}],"collection":[{"href":"https:\/\/diarioregionaldigital.com.br\/index.php?rest_route=\/wp\/v2\/posts"}],"about":[{"href":"https:\/\/diarioregionaldigital.com.br\/index.php?rest_route=\/wp\/v2\/types\/post"}],"author":[{"embeddable":true,"href":"https:\/\/diarioregionaldigital.com.br\/index.php?rest_route=\/wp\/v2\/users\/96"}],"replies":[{"embeddable":true,"href":"https:\/\/diarioregionaldigital.com.br\/index.php?rest_route=%2Fwp%2Fv2%2Fcomments&post=161828"}],"version-history":[{"count":0,"href":"https:\/\/diarioregionaldigital.com.br\/index.php?rest_route=\/wp\/v2\/posts\/161828\/revisions"}],"wp:featuredmedia":[{"embeddable":true,"href":"https:\/\/diarioregionaldigital.com.br\/index.php?rest_route=\/wp\/v2\/media\/161829"}],"wp:attachment":[{"href":"https:\/\/diarioregionaldigital.com.br\/index.php?rest_route=%2Fwp%2Fv2%2Fmedia&parent=161828"}],"wp:term":[{"taxonomy":"category","embeddable":true,"href":"https:\/\/diarioregionaldigital.com.br\/index.php?rest_route=%2Fwp%2Fv2%2Fcategories&post=161828"},{"taxonomy":"post_tag","embeddable":true,"href":"https:\/\/diarioregionaldigital.com.br\/index.php?rest_route=%2Fwp%2Fv2%2Ftags&post=161828"}],"curies":[{"name":"wp","href":"https:\/\/api.w.org\/{rel}","templated":true}]}}