{"id":161822,"date":"2020-06-05T15:20:49","date_gmt":"2020-06-05T18:20:49","guid":{"rendered":"https:\/\/diarioregionaldigital.com.br\/?p=161822"},"modified":"2020-06-05T15:20:49","modified_gmt":"2020-06-05T18:20:49","slug":"pjf-fara-alteracoes-no-decreto-municipal-no-13-959-para-incluir-abertura-de-shoppings-e-galerias","status":"publish","type":"post","link":"https:\/\/diarioregionaldigital.com.br\/?p=161822","title":{"rendered":"PJF far\u00e1 altera\u00e7\u00f5es no Decreto Municipal n\u00ba 13.959 para incluir abertura de shoppings e galerias"},"content":{"rendered":"<p>O Governo de Minas Gerais divulgou ontem (4), o protocolo que permite abertura de estabelecimentos de shoppings e galerias. Diante disso, a Prefeitura de Juiz de Fora (PJF), est\u00e1 fazendo reajustes do Decreto Municipal n\u00ba13.959 que estabelece o que pode ou n\u00e3o funcionar, as regras e outras medidas que norteiam o combate \u00e0 pandemia do novo coronav\u00edrus (covid-19), para permitir o funcionamento desses empreendimentos. O protocolo estabelece medidas a serem seguidas pelos funcion\u00e1rios dos estabelecimentos e tamb\u00e9m pelos clientes que estiverem presentes.<\/p>\n<p>\u201c\u00c9 importante a popula\u00e7\u00e3o entender que tem que se cuidar, s\u00f3 saindo de casa se for necess\u00e1rio, pois estamos dando um passo adiante, que, se for exagerado, pode resultar em um passo para tr\u00e1s. Juiz de Fora est\u00e1 na \u00b4onda verde\u00b4, onde s\u00f3 servi\u00e7os essenciais podem funcionar, e dentro dos shoppings e galerias n\u00e3o ser\u00e1 diferente\u201d, ressaltou o secret\u00e1rio de Desenvolvimento Econ\u00f4mico, Turismo e Agropecu\u00e1ria (Sedeta), L\u00facio S\u00e1 Fortes.<\/p>\n<p>Dentre as medidas impostas no protocolo, est\u00e3o inclusas: funcionamento reduzido (12 \u00e0s 20 horas) e \u00e1reas de entretenimento, salas de cinema, teatros, kids, lounges e eventos em geral, aluguel ou empr\u00e9stimo de carrinhos de beb\u00ea e de compra, com cadeirinhas para crian\u00e7as, servi\u00e7os de valet e qualquer outro que estimule grandes aglomera\u00e7\u00f5es n\u00e3o poder\u00e3o funcionar, uso obrigat\u00f3rio de m\u00e1scaras, totem com \u00e1lcool em gel para higieniza\u00e7\u00e3o das m\u00e3os ao entrar no espa\u00e7o, obedecer as regras de distanciamento, inclusive em escadas rolantes e elevadores, e aumentar a higieniza\u00e7\u00e3o, tamb\u00e9m de sistemas de ar condicionado.<\/p>\n","protected":false},"excerpt":{"rendered":"<p>O Governo de Minas Gerais divulgou ontem (4), o protocolo que permite abertura de estabelecimentos de shoppings e galerias. Diante disso, a Prefeitura de Juiz de Fora (PJF), est\u00e1 fazendo reajustes do Decreto Municipal n\u00ba13.959 que estabelece o que pode ou n\u00e3o funcionar, as regras e outras medidas que norteiam o combate \u00e0 pandemia do [&hellip;]<\/p>\n","protected":false},"author":96,"featured_media":161823,"comment_status":"closed","ping_status":"closed","sticky":false,"template":"","format":"standard","meta":{"footnotes":""},"categories":[253,436,440,439],"tags":[],"class_list":["post-161822","post","type-post","status-publish","format-standard","has-post-thumbnail","hentry","category-cidade","category-destaque-da-semana","category-destaques-do-dia","category-ultima-hora"],"_links":{"self":[{"href":"https:\/\/diarioregionaldigital.com.br\/index.php?rest_route=\/wp\/v2\/posts\/161822","targetHints":{"allow":["GET"]}}],"collection":[{"href":"https:\/\/diarioregionaldigital.com.br\/index.php?rest_route=\/wp\/v2\/posts"}],"about":[{"href":"https:\/\/diarioregionaldigital.com.br\/index.php?rest_route=\/wp\/v2\/types\/post"}],"author":[{"embeddable":true,"href":"https:\/\/diarioregionaldigital.com.br\/index.php?rest_route=\/wp\/v2\/users\/96"}],"replies":[{"embeddable":true,"href":"https:\/\/diarioregionaldigital.com.br\/index.php?rest_route=%2Fwp%2Fv2%2Fcomments&post=161822"}],"version-history":[{"count":0,"href":"https:\/\/diarioregionaldigital.com.br\/index.php?rest_route=\/wp\/v2\/posts\/161822\/revisions"}],"wp:featuredmedia":[{"embeddable":true,"href":"https:\/\/diarioregionaldigital.com.br\/index.php?rest_route=\/wp\/v2\/media\/161823"}],"wp:attachment":[{"href":"https:\/\/diarioregionaldigital.com.br\/index.php?rest_route=%2Fwp%2Fv2%2Fmedia&parent=161822"}],"wp:term":[{"taxonomy":"category","embeddable":true,"href":"https:\/\/diarioregionaldigital.com.br\/index.php?rest_route=%2Fwp%2Fv2%2Fcategories&post=161822"},{"taxonomy":"post_tag","embeddable":true,"href":"https:\/\/diarioregionaldigital.com.br\/index.php?rest_route=%2Fwp%2Fv2%2Ftags&post=161822"}],"curies":[{"name":"wp","href":"https:\/\/api.w.org\/{rel}","templated":true}]}}