{"id":161819,"date":"2020-06-05T15:11:05","date_gmt":"2020-06-05T18:11:05","guid":{"rendered":"https:\/\/diarioregionaldigital.com.br\/?p=161819"},"modified":"2020-06-05T15:11:05","modified_gmt":"2020-06-05T18:11:05","slug":"fred-encerra-tour-de-bicicleta-e-se-apresenta-ao-fluminense","status":"publish","type":"post","link":"https:\/\/diarioregionaldigital.com.br\/?p=161819","title":{"rendered":"Fred encerra tour de bicicleta e se apresenta ao Fluminense"},"content":{"rendered":"<p>Ap\u00f3s percorrer 600 Km de bicicleta desde Belo Horizonte, em prol de campanha solid\u00e1ria, o atacante Fred se apresentou nesta sexta-feira (5) no Est\u00e1dio das Laranjeiras no Rio de Janeiro e est\u00e1 de volta ao Fluminense. Logo ap\u00f3s assinar o contrato na sede do clube, Fred retornou logo em seguida para a capital mineira, onde seguir\u00e1 com a rotina de treinos at\u00e9 a retomada das atividades.<\/p>\n<p>Batizada de &#8220;Tour do Fred&#8221;, a campanha feita pelo jogador busca arrecadar cestas b\u00e1sicas para cada quil\u00f4metro percorrido no trajeto e at\u00e9 ent\u00e3o foram arrecadadas 4 mil cestas, estas no primeiro dia de pedalada, que ser\u00e3o doadas para fam\u00edlias carentes e funcion\u00e1rios do Fluminense que recebem sal\u00e1rios mais baixos.<\/p>\n<p>Fred junto com seu preparador f\u00edsico Jefferson Souza, percorreram o trajeto desde a capital mineira e passou por trilhas da Estrada Real, at\u00e9 chegar a cidade de Paraty\/RJ e foram de carro para a capital carioca por quest\u00f5es de seguran\u00e7a. A princ\u00edpio o jogador iria para o Centro de Treinamento Carlos Castilho, mas por quest\u00f5es de log\u00edstica, mudou o destino para o Est\u00e1dio das Laranjeiras.<\/p>\n<p>Ao chegar na sede hist\u00f3rica do Fluminense, Fred relata alegria em estar de volta ao tricolor carioca e se emociona por fazer a campanha solid\u00e1ria:<\/p>\n<p>&#8220;Estou muito, mas muito feliz de estar de volta. \u00c9 a realiza\u00e7\u00e3o de um sonho! Ainda mais podendo ajudar tantas pessoas com essas doa\u00e7\u00f5es. \u00c9 um momento muito emocionante para mim. Passa realmente um filme na cabe\u00e7a. Vivi muita coisa nesse lugar&#8230; Emociona lembrar das conversas, das experi\u00eancias que tive aqui dentro. Agora \u00e9 uma hist\u00f3ria que estou reescrevendo&#8221; relata o atacante.<\/p>\n<p>J\u00e1 o presidente M\u00e1rio Bittencourt, destaca a import\u00e2ncia do retorno do atacante \u00e0s Laranjeiras e que faz parte do projeto de reconstru\u00e7\u00e3o do clube:<\/p>\n<p>&#8220;A volta do Fred tem um significado especial por ser um passo importante na reconstru\u00e7\u00e3o do clube. Ele \u00e9 uma refer\u00eancia no ataque e um \u00eddolo com grande identifica\u00e7\u00e3o com nossa torcida. Um cap\u00edtulo muito importante na hist\u00f3ria do Fluminense&#8221;.<\/p>\n<p>Fred assinou contrato com validade at\u00e9 21 de julho de 2022 e j\u00e1 foi publicado no BID, o Boletim Informativo Di\u00e1rio de Registro de Jogadores da CBF. Diante disso, ele j\u00e1 pode estrear quando o futebol for retomado em solo brasileiro.<\/p>\n","protected":false},"excerpt":{"rendered":"<p>Ap\u00f3s percorrer 600 Km de bicicleta desde Belo Horizonte, em prol de campanha solid\u00e1ria, o atacante Fred se apresentou nesta sexta-feira (5) no Est\u00e1dio das Laranjeiras no Rio de Janeiro e est\u00e1 de volta ao Fluminense. Logo ap\u00f3s assinar o contrato na sede do clube, Fred retornou logo em seguida para a capital mineira, onde [&hellip;]<\/p>\n","protected":false},"author":96,"featured_media":161820,"comment_status":"closed","ping_status":"closed","sticky":false,"template":"","format":"standard","meta":{"footnotes":""},"categories":[436,257,439],"tags":[],"class_list":["post-161819","post","type-post","status-publish","format-standard","has-post-thumbnail","hentry","category-destaque-da-semana","category-esporte","category-ultima-hora"],"_links":{"self":[{"href":"https:\/\/diarioregionaldigital.com.br\/index.php?rest_route=\/wp\/v2\/posts\/161819","targetHints":{"allow":["GET"]}}],"collection":[{"href":"https:\/\/diarioregionaldigital.com.br\/index.php?rest_route=\/wp\/v2\/posts"}],"about":[{"href":"https:\/\/diarioregionaldigital.com.br\/index.php?rest_route=\/wp\/v2\/types\/post"}],"author":[{"embeddable":true,"href":"https:\/\/diarioregionaldigital.com.br\/index.php?rest_route=\/wp\/v2\/users\/96"}],"replies":[{"embeddable":true,"href":"https:\/\/diarioregionaldigital.com.br\/index.php?rest_route=%2Fwp%2Fv2%2Fcomments&post=161819"}],"version-history":[{"count":0,"href":"https:\/\/diarioregionaldigital.com.br\/index.php?rest_route=\/wp\/v2\/posts\/161819\/revisions"}],"wp:featuredmedia":[{"embeddable":true,"href":"https:\/\/diarioregionaldigital.com.br\/index.php?rest_route=\/wp\/v2\/media\/161820"}],"wp:attachment":[{"href":"https:\/\/diarioregionaldigital.com.br\/index.php?rest_route=%2Fwp%2Fv2%2Fmedia&parent=161819"}],"wp:term":[{"taxonomy":"category","embeddable":true,"href":"https:\/\/diarioregionaldigital.com.br\/index.php?rest_route=%2Fwp%2Fv2%2Fcategories&post=161819"},{"taxonomy":"post_tag","embeddable":true,"href":"https:\/\/diarioregionaldigital.com.br\/index.php?rest_route=%2Fwp%2Fv2%2Ftags&post=161819"}],"curies":[{"name":"wp","href":"https:\/\/api.w.org\/{rel}","templated":true}]}}