{"id":161817,"date":"2020-06-05T14:47:58","date_gmt":"2020-06-05T17:47:58","guid":{"rendered":"https:\/\/diarioregionaldigital.com.br\/?p=161817"},"modified":"2020-06-05T14:47:58","modified_gmt":"2020-06-05T17:47:58","slug":"vitima-tem-residencia-invadida-no-vale-do-ipe","status":"publish","type":"post","link":"https:\/\/diarioregionaldigital.com.br\/?p=161817","title":{"rendered":"V\u00edtima tem resid\u00eancia invadida no Vale do Ip\u00ea"},"content":{"rendered":"<p>Um idoso de 76 anos teve sua resid\u00eancia invadida por dois indiv\u00edduos no Bairro Vale do Ip\u00ea (Regi\u00e3o Oeste), na noite de quinta-feira em Juiz de Fora. Em relatos \u00e0 Pol\u00edcia Militar (PM), a v\u00edtima relatou que ao adentrar em sua resid\u00eancia, foi abordada por dois indiv\u00edduos, um deles portando uma arma de fogo, anunciando o roubo, levando um aparelho celular e a carteira contendo cerca de R$1200,00 em dinheiro.<\/p>\n<p>Ao sa\u00edrem da resid\u00eancia os autores abordaram um jovem de 25 anos e roubaram cerca de R$300,00 e seu aparelho celular. Logo ap\u00f3s o crime, os autores fugiram do local em um ve\u00edculo de cor prata. Os policiais iniciaram rastreamento e o celular do jovem foi localizado na rua Jos\u00e9 Louren\u00e7o Kelmer, no Bairro Borboleta, devido ao rastreador do aparelho.<\/p>\n","protected":false},"excerpt":{"rendered":"<p>Um idoso de 76 anos teve sua resid\u00eancia invadida por dois indiv\u00edduos no Bairro Vale do Ip\u00ea (Regi\u00e3o Oeste), na noite de quinta-feira em Juiz de Fora. Em relatos \u00e0 Pol\u00edcia Militar (PM), a v\u00edtima relatou que ao adentrar em sua resid\u00eancia, foi abordada por dois indiv\u00edduos, um deles portando uma arma de fogo, anunciando [&hellip;]<\/p>\n","protected":false},"author":96,"featured_media":161269,"comment_status":"closed","ping_status":"closed","sticky":false,"template":"","format":"standard","meta":{"footnotes":""},"categories":[301,436,439],"tags":[],"class_list":["post-161817","post","type-post","status-publish","format-standard","has-post-thumbnail","hentry","category-artigos-policiais","category-destaque-da-semana","category-ultima-hora"],"_links":{"self":[{"href":"https:\/\/diarioregionaldigital.com.br\/index.php?rest_route=\/wp\/v2\/posts\/161817","targetHints":{"allow":["GET"]}}],"collection":[{"href":"https:\/\/diarioregionaldigital.com.br\/index.php?rest_route=\/wp\/v2\/posts"}],"about":[{"href":"https:\/\/diarioregionaldigital.com.br\/index.php?rest_route=\/wp\/v2\/types\/post"}],"author":[{"embeddable":true,"href":"https:\/\/diarioregionaldigital.com.br\/index.php?rest_route=\/wp\/v2\/users\/96"}],"replies":[{"embeddable":true,"href":"https:\/\/diarioregionaldigital.com.br\/index.php?rest_route=%2Fwp%2Fv2%2Fcomments&post=161817"}],"version-history":[{"count":0,"href":"https:\/\/diarioregionaldigital.com.br\/index.php?rest_route=\/wp\/v2\/posts\/161817\/revisions"}],"wp:featuredmedia":[{"embeddable":true,"href":"https:\/\/diarioregionaldigital.com.br\/index.php?rest_route=\/wp\/v2\/media\/161269"}],"wp:attachment":[{"href":"https:\/\/diarioregionaldigital.com.br\/index.php?rest_route=%2Fwp%2Fv2%2Fmedia&parent=161817"}],"wp:term":[{"taxonomy":"category","embeddable":true,"href":"https:\/\/diarioregionaldigital.com.br\/index.php?rest_route=%2Fwp%2Fv2%2Fcategories&post=161817"},{"taxonomy":"post_tag","embeddable":true,"href":"https:\/\/diarioregionaldigital.com.br\/index.php?rest_route=%2Fwp%2Fv2%2Ftags&post=161817"}],"curies":[{"name":"wp","href":"https:\/\/api.w.org\/{rel}","templated":true}]}}