{"id":161814,"date":"2020-06-05T14:38:33","date_gmt":"2020-06-05T17:38:33","guid":{"rendered":"https:\/\/diarioregionaldigital.com.br\/?p=161814"},"modified":"2020-06-05T14:38:33","modified_gmt":"2020-06-05T17:38:33","slug":"catar-finaliza-construcao-da-arena-education-city-de-al-rayyan","status":"publish","type":"post","link":"https:\/\/diarioregionaldigital.com.br\/?p=161814","title":{"rendered":"Catar finaliza constru\u00e7\u00e3o da Arena Education City de Al Rayyan"},"content":{"rendered":"<p><span style=\"font-weight: 400;\">O comit\u00ea organizador da Copa do Mundo do Catar, anunciou a conclus\u00e3o das obras da Arena Education City de Al Rayyan, localizado a oeste da capital Doha. A inaugura\u00e7\u00e3o ser\u00e1 realizada no dia 15 deste m\u00eas e contar\u00e1 com uma programa\u00e7\u00e3o que far\u00e1 homenagens aos oper\u00e1rios que se esfor\u00e7aram em meio a epidemia do Coronav\u00edrus. O est\u00e1dio conta com capacidade de 40 mil pessoas.<\/span><\/p>\n<p><span style=\"font-weight: 400;\">A princ\u00edpio, o Education City seria inaugurado em dezembro de 2019 e iria receber jogos do Mundial de Clubes, mas devido ao atraso no processo de certifica\u00e7\u00e3o e a n\u00e3o realiza\u00e7\u00e3o de eventos-teste, a Fifa decidiu mudar o local da competi\u00e7\u00e3o.\u00a0<\/span><\/p>\n<p><span style=\"font-weight: 400;\">\u00a0\u00c9 o terceiro est\u00e1dio a ter sua constru\u00e7\u00e3o finalizada e at\u00e9 o momento, outras cinco arenas continuam em obras. Segundo a FIFA, a Copa do Mundo de 2022 contar\u00e1 com oito est\u00e1dios e ser\u00e1 realizada entre os dias 21 de novembro e 18 de dezembro de 2022.<\/span><\/p>\n<p><span style=\"font-weight: 400;\">At\u00e9 o momento, o Est\u00e1dio Al Janoub em Al Wakrah e Est\u00e1dio Internacional Khalifa em Doha j\u00e1 foram inaugurados junto com a Arena Education City.<\/span><\/p>\n","protected":false},"excerpt":{"rendered":"<p>O comit\u00ea organizador da Copa do Mundo do Catar, anunciou a conclus\u00e3o das obras da Arena Education City de Al Rayyan, localizado a oeste da capital Doha. A inaugura\u00e7\u00e3o ser\u00e1 realizada no dia 15 deste m\u00eas e contar\u00e1 com uma programa\u00e7\u00e3o que far\u00e1 homenagens aos oper\u00e1rios que se esfor\u00e7aram em meio a epidemia do Coronav\u00edrus. [&hellip;]<\/p>\n","protected":false},"author":96,"featured_media":161815,"comment_status":"closed","ping_status":"closed","sticky":false,"template":"","format":"standard","meta":{"footnotes":""},"categories":[436,257,439],"tags":[],"class_list":["post-161814","post","type-post","status-publish","format-standard","has-post-thumbnail","hentry","category-destaque-da-semana","category-esporte","category-ultima-hora"],"_links":{"self":[{"href":"https:\/\/diarioregionaldigital.com.br\/index.php?rest_route=\/wp\/v2\/posts\/161814","targetHints":{"allow":["GET"]}}],"collection":[{"href":"https:\/\/diarioregionaldigital.com.br\/index.php?rest_route=\/wp\/v2\/posts"}],"about":[{"href":"https:\/\/diarioregionaldigital.com.br\/index.php?rest_route=\/wp\/v2\/types\/post"}],"author":[{"embeddable":true,"href":"https:\/\/diarioregionaldigital.com.br\/index.php?rest_route=\/wp\/v2\/users\/96"}],"replies":[{"embeddable":true,"href":"https:\/\/diarioregionaldigital.com.br\/index.php?rest_route=%2Fwp%2Fv2%2Fcomments&post=161814"}],"version-history":[{"count":0,"href":"https:\/\/diarioregionaldigital.com.br\/index.php?rest_route=\/wp\/v2\/posts\/161814\/revisions"}],"wp:featuredmedia":[{"embeddable":true,"href":"https:\/\/diarioregionaldigital.com.br\/index.php?rest_route=\/wp\/v2\/media\/161815"}],"wp:attachment":[{"href":"https:\/\/diarioregionaldigital.com.br\/index.php?rest_route=%2Fwp%2Fv2%2Fmedia&parent=161814"}],"wp:term":[{"taxonomy":"category","embeddable":true,"href":"https:\/\/diarioregionaldigital.com.br\/index.php?rest_route=%2Fwp%2Fv2%2Fcategories&post=161814"},{"taxonomy":"post_tag","embeddable":true,"href":"https:\/\/diarioregionaldigital.com.br\/index.php?rest_route=%2Fwp%2Fv2%2Ftags&post=161814"}],"curies":[{"name":"wp","href":"https:\/\/api.w.org\/{rel}","templated":true}]}}