{"id":161811,"date":"2020-06-05T14:37:26","date_gmt":"2020-06-05T17:37:26","guid":{"rendered":"https:\/\/diarioregionaldigital.com.br\/?p=161811"},"modified":"2020-06-05T14:37:26","modified_gmt":"2020-06-05T17:37:26","slug":"secretario-especial-do-esporte-e-presidente-da-cbde-se-reunem-para-planejar-acoes-voltadas-para-o-desporto-escolar","status":"publish","type":"post","link":"https:\/\/diarioregionaldigital.com.br\/?p=161811","title":{"rendered":"Secret\u00e1rio Especial do Esporte e presidente da CBDE se re\u00fanem para planejar a\u00e7\u00f5es voltadas para o desporto escolar"},"content":{"rendered":"<p>O secret\u00e1rio Especial do Esporte do Minist\u00e9rio da Cidadania, Marcelo Magalh\u00e3es, o secret\u00e1rio especial adjunto, Andr\u00e9 Alves, e a secretaria Nacional de Esporte, Educa\u00e7\u00e3o, Lazer e Inclus\u00e3o Social (SNELIS), Fab\u00edola Molina, reuniram-se, nesta quarta-feira (03.06) com Ant\u00f4nio Hora Filho, presidente da Confedera\u00e7\u00e3o Brasileira do Desporto Escolar (CBDE), Robson Aguiar, vice-presidente, e com Luiz Delphino, CEO da entidade.<\/p>\n<p>No encontro, realizado na Secretaria Especial do Esporte, em Bras\u00edlia, Ant\u00f4nio Hora Filho conduziu uma apresenta\u00e7\u00e3o sobre o planejamento estrat\u00e9gico da CBDE, em que detalhou os principais projetos da entidade para o per\u00edodo p\u00f3s-pandemia no pa\u00eds.<\/p>\n<p>\u201cEsta gest\u00e3o acredita que o desporto escolar deve ser a base imprescind\u00edvel para o desenvolvimento do esporte no pa\u00eds e vamos trabalhar nesse sentido, dando todo o apoio que pudermos \u00e0 CBDE para fomentar cada vez mais a pr\u00e1tica de atividade f\u00edsica entre nossos estudantes\u201d, afirmou Marcelo Magalh\u00e3es.<\/p>\n<p>\u201cGostamos muito do que nos foi apresentado pelo presidente Ant\u00f4nio Hora Filho e por sua equipe e, a partir de agora, vamos trabalhar para viabilizar esses projetos, porque eles s\u00e3o muito importantes e, com certeza, ter\u00e3o reflexos bastante positivos para nossa sociedade como um todo e para o esporte brasileiro, em particular\u201d, continuou o secret\u00e1rio.<\/p>\n<p>&#8220;Eu sei bem como o desporto escolar \u00e9 importante na forma\u00e7\u00e3o das crian\u00e7as e jovens e tamb\u00e9m nas eventuais carreiras que muitos deles podem ter no esporte\u201d, ressaltou a ex-nadadora ol\u00edmpica Fab\u00edola Molina. \u201cPor isso, acho fundamental que possamos trabalhar para o fortalecimento do esporte nas escolas de todo o pa\u00eds e, da nossa parte, vamos fazer o que pudermos para ajudar a desenvolver os projetos da CBDE, que nos chamaram muita aten\u00e7\u00e3o\u201d, continuou a secret\u00e1ria da SNELIS.<\/p>\n<p><strong>Pot\u00eancia internacional<\/strong><\/p>\n<p>O Brasil j\u00e1 \u00e9 uma pot\u00eancia internacional no que se refere ao desporto escolar. O salto de desempenho vem desde Gymnasiade, as Olimp\u00edadas Escolares, de 2013. Naquela edi\u00e7\u00e3o, o Brasil, com uma delega\u00e7\u00e3o composta por 210 pessoas, terminou em terceiro lugar no evento realizado em Bras\u00edlia.<\/p>\n<p>Em 2016, na edi\u00e7\u00e3o de Trabzon, na Turquia, o Brasil fez hist\u00f3ria ao terminar a Gymnasiade em primeiro lugar na classifica\u00e7\u00e3o geral, quando competiu com uma delega\u00e7\u00e3o de 225 pessoas. Dois anos mais tarde, na edi\u00e7\u00e3o de Marrakech 2018, o Brasil, com um time de 270 pessoas, ficou em segundo lugar. \u201cO Brasil foi o \u00fanico pa\u00eds que ficou no top 5 da classifica\u00e7\u00e3o geral nas \u00faltimas tr\u00eas edi\u00e7\u00f5es da Gymnasiade\u201d, ressaltou Ant\u00f4nio Hora Filho.<\/p>\n<p>Segundo Hora Filho, os planos s\u00e3o incrementar a realiza\u00e7\u00e3o de eventos nacionais e internacionais no pa\u00eds para fortalecer o sistema esportivo escolar nacional, al\u00e9m de trabalhar na capacita\u00e7\u00e3o dos profissionais que atuar\u00e3o com crian\u00e7as e jovens nas escolas.<\/p>\n<p><strong>Centros de Excel\u00eancia<\/strong><\/p>\n<p>A CBDE tamb\u00e9m planeja abrir Centros de Excel\u00eancia do Deporto Escolar no Brasil para servirem de base para os alunos desenvolverem seus talentos. O objetivo \u00e9 ter um desses centros em cada uma das cinco regi\u00f5es do pa\u00eds.<\/p>\n<p>Em maio de 2021, Foz do Igua\u00e7u sediar\u00e1 o Mundial de V\u00f4lei Escolar e o Brasil pretende, a partir da\u00ed, sediar grandes eventos internacionais, culminando com a edi\u00e7\u00e3o de 2026 da Gymnasiade.<\/p>\n<p>Outra a\u00e7\u00e3o \u00e9 o Circuito Esporte pelo Brasil, projeto itinerante que percorre institui\u00e7\u00f5es de ensino levando cl\u00ednicas em uma arena esportiva m\u00f3vel \u00e0s escolas para a pr\u00e1tica de sete modalidades: jud\u00f4, basquete, t\u00eanis de mesa, atletismo, badminton, handebol e wrestling, al\u00e9m do paradesporto. A meta \u00e9 incrementar ainda mais essa iniciativa, que j\u00e1 atendeu 360 mil alunos, no per\u00edodo p\u00f3s-pandemia.<\/p>\n<p><strong>JEBs<\/strong><\/p>\n<p>Ant\u00f4nio Hora revelou ainda que tem planos de, no ano que vem, reativar os Jogos Escolares Brasileiros (JEBs) com uma vers\u00e3o sub-14 em todos os estados, de modo que, dessa competi\u00e7\u00e3o, possam ser indicados os alunos que defender\u00e3o o pa\u00eds nos Jogos Sul-Americanos Escolares, que ser\u00e3o realizados no Brasil em dezembro de 2021.<\/p>\n<p>\u201cTivemos um comprometimento das nossas atividades este ano, em decorr\u00eancia da pandemia, e tivemos que adequar o nosso planejamento. Nessa adequa\u00e7\u00e3o, aproveitamos a chegada de um novo grupo de gestores da Secretaria Especial do Esporte para oferecer a oportunidade de fazermos, juntos, uma transforma\u00e7\u00e3o de toda a base do sistema esportivo nacional\u201d, afirmou o presidente da CBDE.<\/p>\n<p>\u201cSenti uma confian\u00e7a e um interesse muito grande do secret\u00e1rio para trabalhar pelo desenvolvimento do desporto escolar e espero que possamos fazer isso juntos: a CBDE, a Secretaria Especial do Esporte e o f\u00f3rum de secret\u00e1rios (estaduais), porque, na ponta desta rede s\u00e3o os estados que acabam realizando suas etapas estaduais e trabalhando para o fomento do esporte escolar\u201d, encerrou Hora Filho.<\/p>\n<p>&nbsp;<\/p>\n<p><strong>Fonte:\u00a0<\/strong>Assessoria<\/p>\n","protected":false},"excerpt":{"rendered":"<p>O secret\u00e1rio Especial do Esporte do Minist\u00e9rio da Cidadania, Marcelo Magalh\u00e3es, o secret\u00e1rio especial adjunto, Andr\u00e9 Alves, e a secretaria Nacional de Esporte, Educa\u00e7\u00e3o, Lazer e Inclus\u00e3o Social (SNELIS), Fab\u00edola Molina, reuniram-se, nesta quarta-feira (03.06) com Ant\u00f4nio Hora Filho, presidente da Confedera\u00e7\u00e3o Brasileira do Desporto Escolar (CBDE), Robson Aguiar, vice-presidente, e com Luiz Delphino, CEO [&hellip;]<\/p>\n","protected":false},"author":96,"featured_media":161812,"comment_status":"closed","ping_status":"closed","sticky":false,"template":"","format":"standard","meta":{"footnotes":""},"categories":[436,257,439],"tags":[],"class_list":["post-161811","post","type-post","status-publish","format-standard","has-post-thumbnail","hentry","category-destaque-da-semana","category-esporte","category-ultima-hora"],"_links":{"self":[{"href":"https:\/\/diarioregionaldigital.com.br\/index.php?rest_route=\/wp\/v2\/posts\/161811","targetHints":{"allow":["GET"]}}],"collection":[{"href":"https:\/\/diarioregionaldigital.com.br\/index.php?rest_route=\/wp\/v2\/posts"}],"about":[{"href":"https:\/\/diarioregionaldigital.com.br\/index.php?rest_route=\/wp\/v2\/types\/post"}],"author":[{"embeddable":true,"href":"https:\/\/diarioregionaldigital.com.br\/index.php?rest_route=\/wp\/v2\/users\/96"}],"replies":[{"embeddable":true,"href":"https:\/\/diarioregionaldigital.com.br\/index.php?rest_route=%2Fwp%2Fv2%2Fcomments&post=161811"}],"version-history":[{"count":0,"href":"https:\/\/diarioregionaldigital.com.br\/index.php?rest_route=\/wp\/v2\/posts\/161811\/revisions"}],"wp:featuredmedia":[{"embeddable":true,"href":"https:\/\/diarioregionaldigital.com.br\/index.php?rest_route=\/wp\/v2\/media\/161812"}],"wp:attachment":[{"href":"https:\/\/diarioregionaldigital.com.br\/index.php?rest_route=%2Fwp%2Fv2%2Fmedia&parent=161811"}],"wp:term":[{"taxonomy":"category","embeddable":true,"href":"https:\/\/diarioregionaldigital.com.br\/index.php?rest_route=%2Fwp%2Fv2%2Fcategories&post=161811"},{"taxonomy":"post_tag","embeddable":true,"href":"https:\/\/diarioregionaldigital.com.br\/index.php?rest_route=%2Fwp%2Fv2%2Ftags&post=161811"}],"curies":[{"name":"wp","href":"https:\/\/api.w.org\/{rel}","templated":true}]}}