{"id":161808,"date":"2020-06-05T14:35:55","date_gmt":"2020-06-05T17:35:55","guid":{"rendered":"https:\/\/diarioregionaldigital.com.br\/?p=161808"},"modified":"2020-06-05T14:35:55","modified_gmt":"2020-06-05T17:35:55","slug":"classificado-para-toquio-doa-plasma-para-pesquisa-sobre-covid-19","status":"publish","type":"post","link":"https:\/\/diarioregionaldigital.com.br\/?p=161808","title":{"rendered":"Classificado para T\u00f3quio doa plasma para pesquisa sobre Covid-19"},"content":{"rendered":"<p>O ano de 2020 come\u00e7ou com fortes emo\u00e7\u00f5es para o paraibano \u00c1lvaro Filho. O medalhista mundial, pan-americano e campe\u00e3o mundial militar iria estrear nos Jogos Ol\u00edmpicos. E logo ao lado do campe\u00e3o dos Jogos Rio 2016, Alison Cerutti. Mas, em mar\u00e7o, veio a pandemia do Covid-19 e tudo mudou. A Olimp\u00edada foi adiada, e o atleta, contaminado.<\/p>\n<p>Depois de se curar, \u00c1lvaro Filho decidiu tirar algo bom dessa hist\u00f3ria. &#8220;Peguei o v\u00edrus h\u00e1 mais de um m\u00eas. E, agora, j\u00e1 recuperado, doei o plasma sangu\u00edneo (parte l\u00edquida do sangue) para uma pesquisa aqui do Hemocentro de Jo\u00e3o Pessoa&#8221;, conta \u00c1lvaro.<\/p>\n<p>&#8220;A ideia surgiu nas redes sociais, quando vi muitos amigos pedindo ajuda. Acho que \u00e9 nesse momento de dificuldades que as pessoas devem colaborar com o pr\u00f3ximo e dar as m\u00e3os&#8221;, comentou o atleta. Para orientar os interessados, o jogador publicou no seu perfil do Instagram os crit\u00e9rios para os interessados em participar dessa campanha.<\/p>\n<p>\u00c1lvaro lembrou dos dias em que conviveu com o v\u00edrus. &#8220;Comecei com uma dor na garganta, que foi evoluindo. Tive dores no corpo, quatro dias de febre. Mas depois foi passando. Tive tamb\u00e9m perda do olfato, n\u00e3o sentia cheiro de nada. Mas em oito, 10 dias, estava curado da doen\u00e7a&#8221;, recorda.<\/p>\n<p>Antes do in\u00edcio da pandemia, ele estava treinando com o parceiro Alison em Vit\u00f3ria, no Esp\u00edrito Santo. &#8220;Vim para Jo\u00e3o Pessoa para ficar com a fam\u00edlia, j\u00e1 que a gente n\u00e3o ia poder treinar na praia. N\u00e3o conseguiria manter a rotina de prepara\u00e7\u00e3o. J\u00e1 faz uns dois meses que estou aqui com a Marcella, minha esposa&#8221;. Ela est\u00e1 gr\u00e1vida de cinco meses e o primeiro filho do casal tem previs\u00e3o de nascer em outubro.<\/p>\n<p>&nbsp;<\/p>\n<p><strong>Fonte:<\/strong> Assessoria<\/p>\n","protected":false},"excerpt":{"rendered":"<p>O ano de 2020 come\u00e7ou com fortes emo\u00e7\u00f5es para o paraibano \u00c1lvaro Filho. O medalhista mundial, pan-americano e campe\u00e3o mundial militar iria estrear nos Jogos Ol\u00edmpicos. E logo ao lado do campe\u00e3o dos Jogos Rio 2016, Alison Cerutti. Mas, em mar\u00e7o, veio a pandemia do Covid-19 e tudo mudou. A Olimp\u00edada foi adiada, e o [&hellip;]<\/p>\n","protected":false},"author":96,"featured_media":161809,"comment_status":"closed","ping_status":"closed","sticky":false,"template":"","format":"standard","meta":{"footnotes":""},"categories":[436,257,439],"tags":[],"class_list":["post-161808","post","type-post","status-publish","format-standard","has-post-thumbnail","hentry","category-destaque-da-semana","category-esporte","category-ultima-hora"],"_links":{"self":[{"href":"https:\/\/diarioregionaldigital.com.br\/index.php?rest_route=\/wp\/v2\/posts\/161808","targetHints":{"allow":["GET"]}}],"collection":[{"href":"https:\/\/diarioregionaldigital.com.br\/index.php?rest_route=\/wp\/v2\/posts"}],"about":[{"href":"https:\/\/diarioregionaldigital.com.br\/index.php?rest_route=\/wp\/v2\/types\/post"}],"author":[{"embeddable":true,"href":"https:\/\/diarioregionaldigital.com.br\/index.php?rest_route=\/wp\/v2\/users\/96"}],"replies":[{"embeddable":true,"href":"https:\/\/diarioregionaldigital.com.br\/index.php?rest_route=%2Fwp%2Fv2%2Fcomments&post=161808"}],"version-history":[{"count":0,"href":"https:\/\/diarioregionaldigital.com.br\/index.php?rest_route=\/wp\/v2\/posts\/161808\/revisions"}],"wp:featuredmedia":[{"embeddable":true,"href":"https:\/\/diarioregionaldigital.com.br\/index.php?rest_route=\/wp\/v2\/media\/161809"}],"wp:attachment":[{"href":"https:\/\/diarioregionaldigital.com.br\/index.php?rest_route=%2Fwp%2Fv2%2Fmedia&parent=161808"}],"wp:term":[{"taxonomy":"category","embeddable":true,"href":"https:\/\/diarioregionaldigital.com.br\/index.php?rest_route=%2Fwp%2Fv2%2Fcategories&post=161808"},{"taxonomy":"post_tag","embeddable":true,"href":"https:\/\/diarioregionaldigital.com.br\/index.php?rest_route=%2Fwp%2Fv2%2Ftags&post=161808"}],"curies":[{"name":"wp","href":"https:\/\/api.w.org\/{rel}","templated":true}]}}