{"id":161802,"date":"2020-06-05T11:22:05","date_gmt":"2020-06-05T14:22:05","guid":{"rendered":"https:\/\/diarioregionaldigital.com.br\/?p=161802"},"modified":"2020-06-05T11:22:05","modified_gmt":"2020-06-05T14:22:05","slug":"infrator-agride-policial-militar-durante-operacao-no-jardim-natal","status":"publish","type":"post","link":"https:\/\/diarioregionaldigital.com.br\/?p=161802","title":{"rendered":"Infrator agride policial militar durante opera\u00e7\u00e3o no Jardim Natal"},"content":{"rendered":"<p><span style=\"font-weight: 400;\">Um jovem de 18 anos, agrediu um policial militar durante uma opera\u00e7\u00e3o no Bairro Jardim Natal (Regi\u00e3o Noroeste) em Juiz de Fora. O caso ocorreu ap\u00f3s a Pol\u00edcia Militar (PM) receber informa\u00e7\u00f5es sobre um indiv\u00edduo, que estaria comercializando drogas e escondendo os materiais pr\u00f3ximo a um bambuzal.<\/span><\/p>\n<p><span style=\"font-weight: 400;\">Com informa\u00e7\u00f5es em m\u00e3os, os policiais foram ao destino relatado e avistaram o jovem, que ao notar a presen\u00e7a policial, tentou fugir do local, mas foi abordado pela guarni\u00e7\u00e3o.<\/span><\/p>\n<p><span style=\"font-weight: 400;\">Logo em seguida a PM realizou buscas pelo terreno em meio ao bambuzal, onde as drogas estariam escondidas e instantes depois foi localizada uma sacola pl\u00e1stica contendo 100 buchas de maconha e 29 pinos de coca\u00edna.<\/span><\/p>\n<p><span style=\"font-weight: 400;\">Ao notar que as drogas tinham sido localizadas, o autor empurrou um dos policiais e tentou jog\u00e1-lo no ch\u00e3o. O infrator tentou fugir mas acabou contido por um dos militares, que teve que usar t\u00e9cnicas de defesa para conter o agressor. Durante o ato, ambos ca\u00edram ao solo e o suspeito novamente tentou fugir mas foi contido e algemado.<\/span><\/p>\n<p><span style=\"font-weight: 400;\">O militar agredido foi encaminhado para o Hospital Pronto Socorro (HPS), onde foi diagnosticado com escoria\u00e7\u00f5es nos joelhos esquerdo e direito e nas m\u00e3os. O policial foi liberado.<\/span><\/p>\n<p><span style=\"font-weight: 400;\">Diante dos fatos, o jovem foi preso por tr\u00e1fico de drogas, les\u00e3o corporal e resist\u00eancia a pris\u00e3o. Devido ao confronto com os policiais, o autor foi encaminhado para a UPA Norte em Benfica, onde foram constatadas leves escoria\u00e7\u00f5es. O jovem foi liberado da unidade e encaminhado para a Delegacia, para devidas provid\u00eancias.<\/span><\/p>\n","protected":false},"excerpt":{"rendered":"<p>Um jovem de 18 anos, agrediu um policial militar durante uma opera\u00e7\u00e3o no Bairro Jardim Natal (Regi\u00e3o Noroeste) em Juiz de Fora. O caso ocorreu ap\u00f3s a Pol\u00edcia Militar (PM) receber informa\u00e7\u00f5es sobre um indiv\u00edduo, que estaria comercializando drogas e escondendo os materiais pr\u00f3ximo a um bambuzal. Com informa\u00e7\u00f5es em m\u00e3os, os policiais foram ao [&hellip;]<\/p>\n","protected":false},"author":96,"featured_media":161803,"comment_status":"closed","ping_status":"closed","sticky":false,"template":"","format":"standard","meta":{"footnotes":""},"categories":[301,436,439],"tags":[],"class_list":["post-161802","post","type-post","status-publish","format-standard","has-post-thumbnail","hentry","category-artigos-policiais","category-destaque-da-semana","category-ultima-hora"],"_links":{"self":[{"href":"https:\/\/diarioregionaldigital.com.br\/index.php?rest_route=\/wp\/v2\/posts\/161802","targetHints":{"allow":["GET"]}}],"collection":[{"href":"https:\/\/diarioregionaldigital.com.br\/index.php?rest_route=\/wp\/v2\/posts"}],"about":[{"href":"https:\/\/diarioregionaldigital.com.br\/index.php?rest_route=\/wp\/v2\/types\/post"}],"author":[{"embeddable":true,"href":"https:\/\/diarioregionaldigital.com.br\/index.php?rest_route=\/wp\/v2\/users\/96"}],"replies":[{"embeddable":true,"href":"https:\/\/diarioregionaldigital.com.br\/index.php?rest_route=%2Fwp%2Fv2%2Fcomments&post=161802"}],"version-history":[{"count":0,"href":"https:\/\/diarioregionaldigital.com.br\/index.php?rest_route=\/wp\/v2\/posts\/161802\/revisions"}],"wp:featuredmedia":[{"embeddable":true,"href":"https:\/\/diarioregionaldigital.com.br\/index.php?rest_route=\/wp\/v2\/media\/161803"}],"wp:attachment":[{"href":"https:\/\/diarioregionaldigital.com.br\/index.php?rest_route=%2Fwp%2Fv2%2Fmedia&parent=161802"}],"wp:term":[{"taxonomy":"category","embeddable":true,"href":"https:\/\/diarioregionaldigital.com.br\/index.php?rest_route=%2Fwp%2Fv2%2Fcategories&post=161802"},{"taxonomy":"post_tag","embeddable":true,"href":"https:\/\/diarioregionaldigital.com.br\/index.php?rest_route=%2Fwp%2Fv2%2Ftags&post=161802"}],"curies":[{"name":"wp","href":"https:\/\/api.w.org\/{rel}","templated":true}]}}