{"id":161799,"date":"2020-06-05T10:54:52","date_gmt":"2020-06-05T13:54:52","guid":{"rendered":"https:\/\/diarioregionaldigital.com.br\/?p=161799"},"modified":"2020-06-05T10:54:52","modified_gmt":"2020-06-05T13:54:52","slug":"mp-libera-r-601-bilhoes-contra-coronavirus-em-estados-e-municipios","status":"publish","type":"post","link":"https:\/\/diarioregionaldigital.com.br\/?p=161799","title":{"rendered":"MP libera R$ 60,1 bilh\u00f5es contra coronav\u00edrus em estados e munic\u00edpios"},"content":{"rendered":"<p>O presidente Jair Bolsonaro editou uma medida provis\u00f3ria que libera R$ 60,1 bilh\u00f5es para estados, Distrito Federal e munic\u00edpios aplicarem em a\u00e7\u00f5es de enfrentamento \u00e0 pandemia de coronav\u00edrus. O repasse do dinheiro est\u00e1 previsto na Lei Complementar 173, de 2020, sancionada na semana passada. A MP 978\/2020 foi publicada em edi\u00e7\u00e3o extra do <em>Di\u00e1rio Oficial da Uni\u00e3o<\/em>.<\/p>\n<p>O cr\u00e9dito extraordin\u00e1rio faz parte do Programa Federativo de Enfrentamento ao Coronav\u00edrus. Al\u00e9m da transfer\u00eancia dos R$ 60,1 bilh\u00f5es, o plano prev\u00ea a negocia\u00e7\u00e3o de empr\u00e9stimos e a suspens\u00e3o do pagamento de d\u00edvidas com a Uni\u00e3o estimadas em R$ 65 bilh\u00f5es.<\/p>\n<p>O aux\u00edlio financeiro ser\u00e1 dividido em quatro parcelas iguais ao longo do ano. Estados, Distrito Federal e munic\u00edpios devem aplicar R$ 10 bilh\u00f5es em a\u00e7\u00f5es de sa\u00fade e assist\u00eancia social. Desse total, governadores devem destinar R$ 7 bilh\u00f5es ao pagamento de profissionais do Sistema \u00danico de Sa\u00fade (SUS) e do Sistema \u00danico de Assist\u00eancia Social (Suas). O rateio vai obedecer a dois crit\u00e9rios: taxa de incid\u00eancia do coronav\u00edrus divulgada pelo Minist\u00e9rio da Sa\u00fade e tamanho da popula\u00e7\u00e3o.<\/p>\n<p>A diferen\u00e7a de R$ 3 bilh\u00f5es fica com os prefeitos. O dinheiro tamb\u00e9m deve ser usado para o pagamento dos profissionais que atuam no SUS e no Suas e ser\u00e1 distribu\u00eddo de acordo com a popula\u00e7\u00e3o de cada cidade.<\/p>\n<p>Dos R$ 50 bilh\u00f5es restantes, estados e Distrito Federal ficam com R$ 30 bilh\u00f5es. Os munic\u00edpios dividem a diferen\u00e7a de R$ 20 bilh\u00f5es, segundo o tamanho da popula\u00e7\u00e3o.<\/p>\n<p>De acordo com a MP 978\/2020, os R$ 60,1 bilh\u00f5es ser\u00e3o liberados a partir da contrata\u00e7\u00e3o de opera\u00e7\u00e3o de cr\u00e9dito interna. A medida \u00e9 prevista na Lei de Responsabilidade Fiscal (Lei Complementar 101, de 2000), desde que haja autoriza\u00e7\u00e3o pr\u00e9via na Lei Or\u00e7ament\u00e1ria.<\/p>\n<p><strong>Distribui\u00e7\u00e3o em Minas Gerais<\/strong><\/p>\n<p>Segundo a distribui\u00e7\u00e3o feita pelo governo, o estado de Minas Gerais ficar\u00e1 com R$ 446 mi para a sa\u00fade p\u00fablica e contar\u00e1 com R$ 2.994 mi para livre aplica\u00e7\u00e3o.<\/p>\n<p>Al\u00e9m disso, far\u00e1 distribui\u00e7\u00e3o de R$ 302 mi para os munic\u00edpios investirem na sa\u00fade p\u00fablica e R$ 2.028 mi para livre aplica\u00e7\u00e3o. Ao todo, Juiz de Fora receber\u00e1 valor de R$ 62.614.573,33.<\/p>\n<p>&nbsp;<\/p>\n<p><strong>Fonte:\u00a0<\/strong>Ag\u00eancia Senado<\/p>\n","protected":false},"excerpt":{"rendered":"<p>O presidente Jair Bolsonaro editou uma medida provis\u00f3ria que libera R$ 60,1 bilh\u00f5es para estados, Distrito Federal e munic\u00edpios aplicarem em a\u00e7\u00f5es de enfrentamento \u00e0 pandemia de coronav\u00edrus. O repasse do dinheiro est\u00e1 previsto na Lei Complementar 173, de 2020, sancionada na semana passada. A MP 978\/2020 foi publicada em edi\u00e7\u00e3o extra do Di\u00e1rio Oficial [&hellip;]<\/p>\n","protected":false},"author":96,"featured_media":161800,"comment_status":"closed","ping_status":"closed","sticky":false,"template":"","format":"standard","meta":{"footnotes":""},"categories":[436,440,254,439],"tags":[],"class_list":["post-161799","post","type-post","status-publish","format-standard","has-post-thumbnail","hentry","category-destaque-da-semana","category-destaques-do-dia","category-politica","category-ultima-hora"],"_links":{"self":[{"href":"https:\/\/diarioregionaldigital.com.br\/index.php?rest_route=\/wp\/v2\/posts\/161799","targetHints":{"allow":["GET"]}}],"collection":[{"href":"https:\/\/diarioregionaldigital.com.br\/index.php?rest_route=\/wp\/v2\/posts"}],"about":[{"href":"https:\/\/diarioregionaldigital.com.br\/index.php?rest_route=\/wp\/v2\/types\/post"}],"author":[{"embeddable":true,"href":"https:\/\/diarioregionaldigital.com.br\/index.php?rest_route=\/wp\/v2\/users\/96"}],"replies":[{"embeddable":true,"href":"https:\/\/diarioregionaldigital.com.br\/index.php?rest_route=%2Fwp%2Fv2%2Fcomments&post=161799"}],"version-history":[{"count":0,"href":"https:\/\/diarioregionaldigital.com.br\/index.php?rest_route=\/wp\/v2\/posts\/161799\/revisions"}],"wp:featuredmedia":[{"embeddable":true,"href":"https:\/\/diarioregionaldigital.com.br\/index.php?rest_route=\/wp\/v2\/media\/161800"}],"wp:attachment":[{"href":"https:\/\/diarioregionaldigital.com.br\/index.php?rest_route=%2Fwp%2Fv2%2Fmedia&parent=161799"}],"wp:term":[{"taxonomy":"category","embeddable":true,"href":"https:\/\/diarioregionaldigital.com.br\/index.php?rest_route=%2Fwp%2Fv2%2Fcategories&post=161799"},{"taxonomy":"post_tag","embeddable":true,"href":"https:\/\/diarioregionaldigital.com.br\/index.php?rest_route=%2Fwp%2Fv2%2Ftags&post=161799"}],"curies":[{"name":"wp","href":"https:\/\/api.w.org\/{rel}","templated":true}]}}