{"id":161796,"date":"2020-06-05T10:53:19","date_gmt":"2020-06-05T13:53:19","guid":{"rendered":"https:\/\/diarioregionaldigital.com.br\/?p=161796"},"modified":"2020-06-05T10:53:19","modified_gmt":"2020-06-05T13:53:19","slug":"senadores-celebram-participacao-do-brasil-em-pesquisa-de-vacina-contra-covid-19","status":"publish","type":"post","link":"https:\/\/diarioregionaldigital.com.br\/?p=161796","title":{"rendered":"Senadores celebram participa\u00e7\u00e3o do Brasil em pesquisa de vacina contra covid-19"},"content":{"rendered":"<p>O an\u00fancio da participa\u00e7\u00e3o do Brasil no esfor\u00e7o global liderado pela Organiza\u00e7\u00e3o Mundial de Sa\u00fade (OMS) para a produ\u00e7\u00e3o de uma vacina contra a covid-19 foi comemorado\u00a0 pelo presidente da Comiss\u00e3o de Rela\u00e7\u00f5es Exteriores (CRE), Nelsinho Trad (PSD-MS).<\/p>\n<p>Em postagem no Twitter, o presidente da CRE voltou a defender a entrada do Brasil no ACT Accelerator, iniciativa global gerida pela OMS para a produ\u00e7\u00e3o da vacina contra o coronav\u00edrus, a qual j\u00e1 disp\u00f5e de US$ 8 bilh\u00f5es para investir em pesquisa. O estudo conta com a participa\u00e7\u00e3o de mais de 40 pa\u00edses, entre eles Alemanha, Jap\u00e3o e Canad\u00e1.<\/p>\n<p>Nelsinho Trad testou positivo para covid-19 em mar\u00e7o deste ano, ap\u00f3s ter representado o Senado em viagem aos Estados Unidos com o presidente Jair Bolsonaro.<\/p>\n<p>\u201cO Brasil n\u00e3o ficar\u00e1 mais de fora do cons\u00f3rcio global, liderado pela OMS, para produ\u00e7\u00e3o da vacina contra o Covid-19. Estou satisfeito com a decis\u00e3o positiva do ministro Ernesto Ara\u00fajo [das Rela\u00e7\u00f5es Exteriores] tomada ontem em reuni\u00e3o ministerial, como eu havia divulgado semana passada. Avante!\u201d, postou Nelsinho Trad na rede social.<\/p>\n<p>O senador \u00c1lvaro Dias (Podemos-PR), por sua vez, destacou a atua\u00e7\u00e3o do Brasil em outra frente de pesquisa, referindo-se \u00e0 participa\u00e7\u00e3o do pa\u00eds nos testes com a potencial vacina contra a covid-19, desenvolvida pela Universidade de Oxford, no Reino Unido, em parceria com uma empresa italiana de biotecnologia.<\/p>\n<p>\u201cA pr\u00f3xima fase de testes da vacina envolver\u00e1 cerca de 5 mil volunt\u00e1rios saud\u00e1veis no Reino Unido, j\u00e1 selecionados, e a mesma quantidade em territ\u00f3rio brasileiro&#8221;, postou Alvaro Dias no Twitter.<\/p>\n<p>Na sess\u00e3o remota de quarta-feira (3), a senadora K\u00e1tia Abreu (PP-TO) tamb\u00e9m destacou a realiza\u00e7\u00e3o dos testes a serem realizados com a vacina que vem sendo desenvolvida no Reino Unido.<\/p>\n<p>\u201cEst\u00e1 chegando ao Brasil a vacina, para ser testada, da covid-19. Ela foi descoberta pela Universidade de Oxford, no Reino Unido, e o Brasil \u00e9 o primeiro pa\u00eds do mundo, fora o Reino Unido, onde ela ser\u00e1 testada. Mil volunt\u00e1rios no Rio de Janeiro, mil volunt\u00e1rios em S\u00e3o Paulo. A Anvisa [Ag\u00eancia Nacional de Vigil\u00e2ncia Sanit\u00e1ria] j\u00e1 aprovou em ritmo de urg\u00eancia na ter\u00e7a-feira, dia 2 de junho\u201d afirmou a senadora.<\/p>\n<p>K\u00e1tia Abreu destacou ainda que a articula\u00e7\u00e3o do experimento vem sendo feita pelo empres\u00e1rio Jorge Paulo Lemann, da Funda\u00e7\u00e3o Lemann, que, de acordo com a senadora, est\u00e1 financiando toda a infraestrutura m\u00e9dica e de equipamentos.<\/p>\n<p>&nbsp;<\/p>\n<p><strong>Fonte:\u00a0<\/strong>Ag\u00eancia Senado<\/p>\n","protected":false},"excerpt":{"rendered":"<p>O an\u00fancio da participa\u00e7\u00e3o do Brasil no esfor\u00e7o global liderado pela Organiza\u00e7\u00e3o Mundial de Sa\u00fade (OMS) para a produ\u00e7\u00e3o de uma vacina contra a covid-19 foi comemorado\u00a0 pelo presidente da Comiss\u00e3o de Rela\u00e7\u00f5es Exteriores (CRE), Nelsinho Trad (PSD-MS). Em postagem no Twitter, o presidente da CRE voltou a defender a entrada do Brasil no ACT [&hellip;]<\/p>\n","protected":false},"author":96,"featured_media":161797,"comment_status":"closed","ping_status":"closed","sticky":false,"template":"","format":"standard","meta":{"footnotes":""},"categories":[436,254,439],"tags":[],"class_list":["post-161796","post","type-post","status-publish","format-standard","has-post-thumbnail","hentry","category-destaque-da-semana","category-politica","category-ultima-hora"],"_links":{"self":[{"href":"https:\/\/diarioregionaldigital.com.br\/index.php?rest_route=\/wp\/v2\/posts\/161796","targetHints":{"allow":["GET"]}}],"collection":[{"href":"https:\/\/diarioregionaldigital.com.br\/index.php?rest_route=\/wp\/v2\/posts"}],"about":[{"href":"https:\/\/diarioregionaldigital.com.br\/index.php?rest_route=\/wp\/v2\/types\/post"}],"author":[{"embeddable":true,"href":"https:\/\/diarioregionaldigital.com.br\/index.php?rest_route=\/wp\/v2\/users\/96"}],"replies":[{"embeddable":true,"href":"https:\/\/diarioregionaldigital.com.br\/index.php?rest_route=%2Fwp%2Fv2%2Fcomments&post=161796"}],"version-history":[{"count":0,"href":"https:\/\/diarioregionaldigital.com.br\/index.php?rest_route=\/wp\/v2\/posts\/161796\/revisions"}],"wp:featuredmedia":[{"embeddable":true,"href":"https:\/\/diarioregionaldigital.com.br\/index.php?rest_route=\/wp\/v2\/media\/161797"}],"wp:attachment":[{"href":"https:\/\/diarioregionaldigital.com.br\/index.php?rest_route=%2Fwp%2Fv2%2Fmedia&parent=161796"}],"wp:term":[{"taxonomy":"category","embeddable":true,"href":"https:\/\/diarioregionaldigital.com.br\/index.php?rest_route=%2Fwp%2Fv2%2Fcategories&post=161796"},{"taxonomy":"post_tag","embeddable":true,"href":"https:\/\/diarioregionaldigital.com.br\/index.php?rest_route=%2Fwp%2Fv2%2Ftags&post=161796"}],"curies":[{"name":"wp","href":"https:\/\/api.w.org\/{rel}","templated":true}]}}