{"id":161793,"date":"2020-06-05T10:51:22","date_gmt":"2020-06-05T13:51:22","guid":{"rendered":"https:\/\/diarioregionaldigital.com.br\/?p=161793"},"modified":"2020-06-05T10:51:22","modified_gmt":"2020-06-05T13:51:22","slug":"despesas-com-juros-do-cheque-especial-podem-cair-r-72-bi-em-12-meses","status":"publish","type":"post","link":"https:\/\/diarioregionaldigital.com.br\/?p=161793","title":{"rendered":"Despesas com juros do cheque especial podem cair R$ 7,2 bi em 12 meses"},"content":{"rendered":"<p>As despesas com juros do cheque especial podem ser reduzidas em R$ 7,2 bilh\u00f5es, em 12 meses, em raz\u00e3o de mudan\u00e7as na modalidade de cr\u00e9dito. Esse valor representa 24% das despesas com juros dessa modalidade. A simula\u00e7\u00e3o foi feita pelo Banco Central (BC), no Relat\u00f3rio de Economia Banc\u00e1ria em Bras\u00edlia.<\/p>\n<p>O BC lembra que o Conselho Monet\u00e1rio Nacional (CMN), por meio da Resolu\u00e7\u00e3o 4.765, de 27 de novembro de 2019, redesenhou o cheque especial.<\/p>\n<p>A resolu\u00e7\u00e3o estabeleceu limite para taxa de juros (8% ao m\u00eas) e facultou a cobran\u00e7a de tarifa de at\u00e9 0,25% sobre o valor disponibilizado para cr\u00e9dito que ultrapasse R$500,00. As regras come\u00e7aram a valer neste ano.<\/p>\n<p>De acordo com o documento, as faixas mais baixas de renda ser\u00e3o mais beneficiadas com as novas medidas. A faixa de renda at\u00e9 R$ 1,5 mil ter\u00e1 redu\u00e7\u00e3o de at\u00e9 116 pontos percentuais no Custo Efetivo Total (CET \u2013 soma de todos os custos dos empr\u00e9stimos, como juros e tarifas), \u201crefletindo majoritariamente a diminui\u00e7\u00e3o na taxa de juros\u201d.<\/p>\n<p>\u201cO contr\u00e1rio ocorre na faixa mais alta de renda (acima de R$ 10 mil), na qual haver\u00e1 eleva\u00e7\u00e3o no CET, que passar\u00e1 a ser superior ao da faixa mais baixa de renda em ambos cen\u00e1rios contrafactuais\u201d, disse o BC.<\/p>\n<p>A cobran\u00e7a de tarifas mais do que compensa a queda de juros para indiv\u00edduos de renda elevada, e, por isso, o custo aumenta. Em m\u00e9dia, indiv\u00edduos de renda mais elevada pagam taxas de juros menores, refletindo menor risco de cr\u00e9dito.<\/p>\n<p>\u201cEm contrapartida, tamb\u00e9m possuem limites superiores de cheque especial; logo, pagar\u00e3o valor maior em tarifas sobre esses limites\u201d, explicou o Banco Central.<\/p>\n<p>\u201cJ\u00e1 para indiv\u00edduos mais pobres, a redu\u00e7\u00e3o na taxa de juros supera o valor que passar\u00e1 a ser cobrado pela tarifa\u201d, acrescentou.<\/p>\n<p><strong>Simula\u00e7\u00e3o<\/strong><\/p>\n<p>Em dezembro de 2019, os juros efetivos m\u00e9dios do cheque especial estavam em 275% ao ano para indiv\u00edduos com renda abaixo de R$ 1,5 mil e, em 234% ao ano, para pessoas com renda acima de R$ 10 mil.<\/p>\n<p>No mesmo per\u00edodo, os limites m\u00e9dios de cr\u00e9dito para cheque especial foram de R$1.693,00 e R$ 21.422,00 para a menor e a maior faixa de renda, respectivamente.<\/p>\n<p>Ao simular o uso de R$ 1 mil do cheque especial por um m\u00eas, sob a regra antiga, o custo com juros do cheque especial \u00e9 de R$ 106 (taxa de 10,6% ao m\u00eas) para a pessoa de maior renda e de R$ 116 para o indiv\u00edduo de menor renda (taxa de 11,6% ao m\u00eas).<\/p>\n<p>Sob a simula\u00e7\u00e3o feita a partir da regra nova, no m\u00eas de utiliza\u00e7\u00e3o do cheque especial, o custo \u00e9 de R$ 132 para quem tem maior renda (custo efetivo de 13,2% ao m\u00eas) e de R$ 83,00 para clientes de menor renda (custo efetivo de 8,3% ao m\u00eas).<\/p>\n<p>&nbsp;<\/p>\n<p><strong>Fonte:\u00a0<\/strong>Ag\u00eancia Brasil<\/p>\n","protected":false},"excerpt":{"rendered":"<p>As despesas com juros do cheque especial podem ser reduzidas em R$ 7,2 bilh\u00f5es, em 12 meses, em raz\u00e3o de mudan\u00e7as na modalidade de cr\u00e9dito. Esse valor representa 24% das despesas com juros dessa modalidade. A simula\u00e7\u00e3o foi feita pelo Banco Central (BC), no Relat\u00f3rio de Economia Banc\u00e1ria em Bras\u00edlia. O BC lembra que o [&hellip;]<\/p>\n","protected":false},"author":96,"featured_media":161794,"comment_status":"closed","ping_status":"closed","sticky":false,"template":"","format":"standard","meta":{"footnotes":""},"categories":[436,261,439],"tags":[],"class_list":["post-161793","post","type-post","status-publish","format-standard","has-post-thumbnail","hentry","category-destaque-da-semana","category-economia","category-ultima-hora"],"_links":{"self":[{"href":"https:\/\/diarioregionaldigital.com.br\/index.php?rest_route=\/wp\/v2\/posts\/161793","targetHints":{"allow":["GET"]}}],"collection":[{"href":"https:\/\/diarioregionaldigital.com.br\/index.php?rest_route=\/wp\/v2\/posts"}],"about":[{"href":"https:\/\/diarioregionaldigital.com.br\/index.php?rest_route=\/wp\/v2\/types\/post"}],"author":[{"embeddable":true,"href":"https:\/\/diarioregionaldigital.com.br\/index.php?rest_route=\/wp\/v2\/users\/96"}],"replies":[{"embeddable":true,"href":"https:\/\/diarioregionaldigital.com.br\/index.php?rest_route=%2Fwp%2Fv2%2Fcomments&post=161793"}],"version-history":[{"count":0,"href":"https:\/\/diarioregionaldigital.com.br\/index.php?rest_route=\/wp\/v2\/posts\/161793\/revisions"}],"wp:featuredmedia":[{"embeddable":true,"href":"https:\/\/diarioregionaldigital.com.br\/index.php?rest_route=\/wp\/v2\/media\/161794"}],"wp:attachment":[{"href":"https:\/\/diarioregionaldigital.com.br\/index.php?rest_route=%2Fwp%2Fv2%2Fmedia&parent=161793"}],"wp:term":[{"taxonomy":"category","embeddable":true,"href":"https:\/\/diarioregionaldigital.com.br\/index.php?rest_route=%2Fwp%2Fv2%2Fcategories&post=161793"},{"taxonomy":"post_tag","embeddable":true,"href":"https:\/\/diarioregionaldigital.com.br\/index.php?rest_route=%2Fwp%2Fv2%2Ftags&post=161793"}],"curies":[{"name":"wp","href":"https:\/\/api.w.org\/{rel}","templated":true}]}}