{"id":161783,"date":"2020-06-05T10:25:09","date_gmt":"2020-06-05T13:25:09","guid":{"rendered":"https:\/\/diarioregionaldigital.com.br\/?p=161783"},"modified":"2020-06-05T10:25:09","modified_gmt":"2020-06-05T13:25:09","slug":"covid-19-minas-gerais-chega-a-344-mortes-confirmadas","status":"publish","type":"post","link":"https:\/\/diarioregionaldigital.com.br\/?p=161783","title":{"rendered":"Covid-19: Minas Gerais chega a 344 mortes confirmadas"},"content":{"rendered":"<p>O\u00a0<a href=\"https:\/\/www.saude.mg.gov.br\/images\/noticias_e_eventos\/000_2020\/Boletins_Corona\/Boletim_Epidemiologico_COVID-19_05.06.2020.pdf\">boletim epidemiol\u00f3gico<\/a> divulgado nesta sexta-feira (5) pela Secretaria de Estado da Sa\u00fade de Minas Gerais (SES-MG), aponta aumento de 323 para 344 mortes confirmadas por Coronav\u00edrus no estado. Segundo o boletim de hoje, os novos casos de mortes foram confirmados em: Belo Horizonte (mulher de 47 e idosas de 74 e 90 anos), Munhoz (idosa de 66 anos), Juatuba (idosa de 88 anos), Contagem (idosa de 69 anos), Uberaba (idosa de 98 anos), Ub\u00e1 (homem de 34 anos), Nova Serrana (mulher de 59 anos), Tim\u00f3teo (idosa de 87 anos), Capit\u00e3o En\u00e9as (mulher de 55 anos), Muria\u00e9 (idosa de 87 anos), Piranga (idosa de 74 anos), Mariana (homem de 43 anos), Ipatinga (idoso de 92 anos), Pouso Alegre (idoso de 82 anos), Te\u00f3filo Otoni (idoso de 88 anos), Uberl\u00e2ndia (mulher de 57 anos), Varginha (idoso de 73 anos) e outras duas v\u00edtimas nascidas em outros estados.<\/p>\n<p>Segundo os dados atualizados,\u00a0 houve aumento de 13.034 para 13.995 casos confirmados e de 5.606 para 5.948 pacientes recuperados. Al\u00e9m disso, foram feitos 24.018 testes laboratoriais, sendo que 2.133 deram resultado positivo, 20.953 deram negativo para Coronav\u00edrus e 698 est\u00e3o sob an\u00e1lise.<\/p>\n<p>Os\u00a0dados atualizados\u00a0referentes a \u00f3bitos confirmados em Minas Gerais podem ser conferidos no anexo abaixo.<\/p>\n<p><a href=\"https:\/\/diarioregionaldigital.com.br\/wp-content\/uploads\/2020\/06\/OBITOS_CONF_COVID-19_MG_05.06.2020.xls\">OBITOS_CONF_COVID-19_MG_05.06.2020<\/a><\/p>\n","protected":false},"excerpt":{"rendered":"<p>O\u00a0boletim epidemiol\u00f3gico divulgado nesta sexta-feira (5) pela Secretaria de Estado da Sa\u00fade de Minas Gerais (SES-MG), aponta aumento de 323 para 344 mortes confirmadas por Coronav\u00edrus no estado. Segundo o boletim de hoje, os novos casos de mortes foram confirmados em: Belo Horizonte (mulher de 47 e idosas de 74 e 90 anos), Munhoz (idosa [&hellip;]<\/p>\n","protected":false},"author":96,"featured_media":160914,"comment_status":"closed","ping_status":"closed","sticky":false,"template":"","format":"standard","meta":{"footnotes":""},"categories":[436,440,252,439],"tags":[],"class_list":["post-161783","post","type-post","status-publish","format-standard","has-post-thumbnail","hentry","category-destaque-da-semana","category-destaques-do-dia","category-regiao","category-ultima-hora"],"_links":{"self":[{"href":"https:\/\/diarioregionaldigital.com.br\/index.php?rest_route=\/wp\/v2\/posts\/161783","targetHints":{"allow":["GET"]}}],"collection":[{"href":"https:\/\/diarioregionaldigital.com.br\/index.php?rest_route=\/wp\/v2\/posts"}],"about":[{"href":"https:\/\/diarioregionaldigital.com.br\/index.php?rest_route=\/wp\/v2\/types\/post"}],"author":[{"embeddable":true,"href":"https:\/\/diarioregionaldigital.com.br\/index.php?rest_route=\/wp\/v2\/users\/96"}],"replies":[{"embeddable":true,"href":"https:\/\/diarioregionaldigital.com.br\/index.php?rest_route=%2Fwp%2Fv2%2Fcomments&post=161783"}],"version-history":[{"count":0,"href":"https:\/\/diarioregionaldigital.com.br\/index.php?rest_route=\/wp\/v2\/posts\/161783\/revisions"}],"wp:featuredmedia":[{"embeddable":true,"href":"https:\/\/diarioregionaldigital.com.br\/index.php?rest_route=\/wp\/v2\/media\/160914"}],"wp:attachment":[{"href":"https:\/\/diarioregionaldigital.com.br\/index.php?rest_route=%2Fwp%2Fv2%2Fmedia&parent=161783"}],"wp:term":[{"taxonomy":"category","embeddable":true,"href":"https:\/\/diarioregionaldigital.com.br\/index.php?rest_route=%2Fwp%2Fv2%2Fcategories&post=161783"},{"taxonomy":"post_tag","embeddable":true,"href":"https:\/\/diarioregionaldigital.com.br\/index.php?rest_route=%2Fwp%2Fv2%2Ftags&post=161783"}],"curies":[{"name":"wp","href":"https:\/\/api.w.org\/{rel}","templated":true}]}}