{"id":161776,"date":"2020-06-05T06:00:46","date_gmt":"2020-06-05T09:00:46","guid":{"rendered":"https:\/\/diarioregionaldigital.com.br\/?p=161776"},"modified":"2020-06-05T02:11:04","modified_gmt":"2020-06-05T05:11:04","slug":"luz-na-passarela","status":"publish","type":"post","link":"https:\/\/diarioregionaldigital.com.br\/?p=161776","title":{"rendered":"Luz na Passarela"},"content":{"rendered":"<p style=\"text-align: center;\"><strong>Fiemg<\/strong><\/p>\n<p style=\"text-align: center;\">Din\u00e2mico e atuante o empres\u00e1rio Heveraldo Lima de Castro presidente do Sindicato das Ind\u00fastrias de Panifica\u00e7\u00e3o e Confeitaria de Juiz de Fora, assumiu a presid\u00eancia da Regional Zona da Mata da Fiemg. O ex-presidente, Aur\u00e9lio Marangon, passou a ocupar o cargo de diretor. Diante da pandemia, o presidente da Fiemg, Fl\u00e1vio Roscol, deu a posse a Heveraldo pela Web Tv da Fiemg.<\/p>\n<p style=\"text-align: center;\"><strong>Live <\/strong><\/p>\n<p style=\"text-align: center;\">Considerado o Rei do R\u00e1dio em Juiz de Fora, o cantor e compositor Thiago Miranda \u00e9 um sucesso arrebatador com suas lives no YouTube. Aproveitando a fase de isolamento social, ele tem realizado lives toda ter\u00e7a-feira, sempre \u00e0s 19h30, homenageando cantores brasileiros somando energia e sensibilidade. Aplausos.<\/p>\n<p style=\"text-align: center;\"><strong>Luz na Passarela<\/strong><\/p>\n<p style=\"text-align: center;\">Diretor criativo e idealizador da S\u00e3o Paulo Fashion Week, Paulo Borges anunciou um novo formato de desfiles com ocupa\u00e7\u00e3o da cidade de S\u00e3o Paulo e uma plataforma digital com discuss\u00f5es sobre processo criativo. A comemora\u00e7\u00e3o dos 25 anos do evento est\u00e1 programado para 16 de outubro.<\/p>\n<p style=\"text-align: center;\"><strong>Afeto Doce<\/strong><\/p>\n<p style=\"text-align: center;\">Para os dias frios de inverno, a doceira Ana Cl\u00e1udia Macedo criou uma linha especial de doces e bolos. A cole\u00e7\u00e3o Creamy vem com massa de brownie branco e recheio de brigadeiro de pistache. Ainda tem op\u00e7\u00f5es de morango, nutella, damasco, nozes e cereja.<\/p>\n<p style=\"text-align: center;\"><span style=\"font-size: 14pt;\"><strong>Para Refletir<\/strong><\/span><\/p>\n<p style=\"text-align: center;\">Em tempos de Coronav\u00edrus, o distanciamento e assepsia \u00e9 muito importante. Para o futuro a necessidade de reduzir os riscos de uma nova pandemia nas propor\u00e7\u00f5es da atual aumentar\u00e1 os cuidados com limpeza e contato pessoal. Tome Nota.<\/p>\n<div id=\"attachment_161764\" style=\"width: 690px\" class=\"wp-caption aligncenter\"><img loading=\"lazy\" decoding=\"async\" aria-describedby=\"caption-attachment-161764\" class=\"wp-image-161764\" src=\"https:\/\/diarioregionaldigital.com.br\/wp-content\/uploads\/2020\/06\/fotoa-2-e1591330154896.jpg\" alt=\"\" width=\"680\" height=\"441\" srcset=\"https:\/\/diarioregionaldigital.com.br\/wp-content\/uploads\/2020\/06\/fotoa-2-e1591330154896.jpg 1049w, https:\/\/diarioregionaldigital.com.br\/wp-content\/uploads\/2020\/06\/fotoa-2-e1591330154896-300x195.jpg 300w, https:\/\/diarioregionaldigital.com.br\/wp-content\/uploads\/2020\/06\/fotoa-2-e1591330154896-1024x665.jpg 1024w, https:\/\/diarioregionaldigital.com.br\/wp-content\/uploads\/2020\/06\/fotoa-2-e1591330154896-768x499.jpg 768w, https:\/\/diarioregionaldigital.com.br\/wp-content\/uploads\/2020\/06\/fotoa-2-e1591330154896-360x234.jpg 360w\" sizes=\"auto, (max-width: 680px) 100vw, 680px\" \/><p id=\"caption-attachment-161764\" class=\"wp-caption-text\">Em destaque no Casa do Caminho, antes da pandemia, os queridos Alda Salom\u00e3o de Campos com D\u00aa Isabel, Iri\u00ea e Leon Salom\u00e3o de Campos<\/p><\/div>\n<div id=\"attachment_161765\" style=\"width: 690px\" class=\"wp-caption aligncenter\"><img loading=\"lazy\" decoding=\"async\" aria-describedby=\"caption-attachment-161765\" class=\"wp-image-161765\" src=\"https:\/\/diarioregionaldigital.com.br\/wp-content\/uploads\/2020\/06\/fotob-2-e1591330203701.jpg\" alt=\"\" width=\"680\" height=\"503\" srcset=\"https:\/\/diarioregionaldigital.com.br\/wp-content\/uploads\/2020\/06\/fotob-2-e1591330203701.jpg 1608w, https:\/\/diarioregionaldigital.com.br\/wp-content\/uploads\/2020\/06\/fotob-2-e1591330203701-300x222.jpg 300w, https:\/\/diarioregionaldigital.com.br\/wp-content\/uploads\/2020\/06\/fotob-2-e1591330203701-1024x758.jpg 1024w, https:\/\/diarioregionaldigital.com.br\/wp-content\/uploads\/2020\/06\/fotob-2-e1591330203701-768x568.jpg 768w, https:\/\/diarioregionaldigital.com.br\/wp-content\/uploads\/2020\/06\/fotob-2-e1591330203701-1536x1137.jpg 1536w, https:\/\/diarioregionaldigital.com.br\/wp-content\/uploads\/2020\/06\/fotob-2-e1591330203701-360x266.jpg 360w\" sizes=\"auto, (max-width: 680px) 100vw, 680px\" \/><p id=\"caption-attachment-161765\" class=\"wp-caption-text\">Reaparecendo na coluna social, o bailarino do Corpus, Abner Coutinho<\/p><\/div>\n<div id=\"attachment_161766\" style=\"width: 690px\" class=\"wp-caption aligncenter\"><img loading=\"lazy\" decoding=\"async\" aria-describedby=\"caption-attachment-161766\" class=\"wp-image-161766\" src=\"https:\/\/diarioregionaldigital.com.br\/wp-content\/uploads\/2020\/06\/fotod-2-e1591330267228.jpg\" alt=\"\" width=\"680\" height=\"485\" srcset=\"https:\/\/diarioregionaldigital.com.br\/wp-content\/uploads\/2020\/06\/fotod-2-e1591330267228.jpg 960w, https:\/\/diarioregionaldigital.com.br\/wp-content\/uploads\/2020\/06\/fotod-2-e1591330267228-300x214.jpg 300w, https:\/\/diarioregionaldigital.com.br\/wp-content\/uploads\/2020\/06\/fotod-2-e1591330267228-768x547.jpg 768w, https:\/\/diarioregionaldigital.com.br\/wp-content\/uploads\/2020\/06\/fotod-2-e1591330267228-360x257.jpg 360w, https:\/\/diarioregionaldigital.com.br\/wp-content\/uploads\/2020\/06\/fotod-2-e1591330267228-100x70.jpg 100w\" sizes=\"auto, (max-width: 680px) 100vw, 680px\" \/><p id=\"caption-attachment-161766\" class=\"wp-caption-text\">Batalhando novas alternativas para o setor imobili\u00e1rio, Diogo Souza Gomes<\/p><\/div>\n<div id=\"attachment_161767\" style=\"width: 690px\" class=\"wp-caption aligncenter\"><img loading=\"lazy\" decoding=\"async\" aria-describedby=\"caption-attachment-161767\" class=\"wp-image-161767\" src=\"https:\/\/diarioregionaldigital.com.br\/wp-content\/uploads\/2020\/06\/fotoe-3-e1591330909987.jpg\" alt=\"\" width=\"680\" height=\"545\" srcset=\"https:\/\/diarioregionaldigital.com.br\/wp-content\/uploads\/2020\/06\/fotoe-3-e1591330909987.jpg 1140w, https:\/\/diarioregionaldigital.com.br\/wp-content\/uploads\/2020\/06\/fotoe-3-e1591330909987-300x240.jpg 300w, https:\/\/diarioregionaldigital.com.br\/wp-content\/uploads\/2020\/06\/fotoe-3-e1591330909987-1024x820.jpg 1024w, https:\/\/diarioregionaldigital.com.br\/wp-content\/uploads\/2020\/06\/fotoe-3-e1591330909987-768x615.jpg 768w, https:\/\/diarioregionaldigital.com.br\/wp-content\/uploads\/2020\/06\/fotoe-3-e1591330909987-360x288.jpg 360w\" sizes=\"auto, (max-width: 680px) 100vw, 680px\" \/><p id=\"caption-attachment-161767\" class=\"wp-caption-text\">Em cena carinho Fabiana Faria e o filho Arthur Faria<\/p><\/div>\n<div id=\"attachment_161768\" style=\"width: 690px\" class=\"wp-caption aligncenter\"><img loading=\"lazy\" decoding=\"async\" aria-describedby=\"caption-attachment-161768\" class=\"wp-image-161768\" src=\"https:\/\/diarioregionaldigital.com.br\/wp-content\/uploads\/2020\/06\/fotof-3-e1591331974841.jpg\" alt=\"\" width=\"680\" height=\"461\" srcset=\"https:\/\/diarioregionaldigital.com.br\/wp-content\/uploads\/2020\/06\/fotof-3-e1591331974841.jpg 1691w, https:\/\/diarioregionaldigital.com.br\/wp-content\/uploads\/2020\/06\/fotof-3-e1591331974841-300x203.jpg 300w, https:\/\/diarioregionaldigital.com.br\/wp-content\/uploads\/2020\/06\/fotof-3-e1591331974841-1024x694.jpg 1024w, https:\/\/diarioregionaldigital.com.br\/wp-content\/uploads\/2020\/06\/fotof-3-e1591331974841-768x520.jpg 768w, https:\/\/diarioregionaldigital.com.br\/wp-content\/uploads\/2020\/06\/fotof-3-e1591331974841-1536x1041.jpg 1536w, https:\/\/diarioregionaldigital.com.br\/wp-content\/uploads\/2020\/06\/fotof-3-e1591331974841-360x244.jpg 360w\" sizes=\"auto, (max-width: 680px) 100vw, 680px\" \/><p id=\"caption-attachment-161768\" class=\"wp-caption-text\">Amigos coloridos em destaque: Oswaldo Braga, Michel Brucce e Marco Trajano<\/p><\/div>\n<div id=\"attachment_161769\" style=\"width: 690px\" class=\"wp-caption aligncenter\"><img loading=\"lazy\" decoding=\"async\" aria-describedby=\"caption-attachment-161769\" class=\"wp-image-161769\" src=\"https:\/\/diarioregionaldigital.com.br\/wp-content\/uploads\/2020\/06\/fotog-3.jpg\" alt=\"\" width=\"680\" height=\"525\" srcset=\"https:\/\/diarioregionaldigital.com.br\/wp-content\/uploads\/2020\/06\/fotog-3.jpg 994w, https:\/\/diarioregionaldigital.com.br\/wp-content\/uploads\/2020\/06\/fotog-3-300x232.jpg 300w, https:\/\/diarioregionaldigital.com.br\/wp-content\/uploads\/2020\/06\/fotog-3-768x593.jpg 768w, https:\/\/diarioregionaldigital.com.br\/wp-content\/uploads\/2020\/06\/fotog-3-360x278.jpg 360w\" sizes=\"auto, (max-width: 680px) 100vw, 680px\" \/><p id=\"caption-attachment-161769\" class=\"wp-caption-text\">Mulheres puro poder: Rose Almeida, Myrliane Le\u00e3o e Fernanda Brasileiro<\/p><\/div>\n<div id=\"attachment_161770\" style=\"width: 690px\" class=\"wp-caption aligncenter\"><img loading=\"lazy\" decoding=\"async\" aria-describedby=\"caption-attachment-161770\" class=\"wp-image-161770\" src=\"https:\/\/diarioregionaldigital.com.br\/wp-content\/uploads\/2020\/06\/fotoh-3-e1591332356301.jpg\" alt=\"\" width=\"680\" height=\"513\" srcset=\"https:\/\/diarioregionaldigital.com.br\/wp-content\/uploads\/2020\/06\/fotoh-3-e1591332356301.jpg 848w, https:\/\/diarioregionaldigital.com.br\/wp-content\/uploads\/2020\/06\/fotoh-3-e1591332356301-300x226.jpg 300w, https:\/\/diarioregionaldigital.com.br\/wp-content\/uploads\/2020\/06\/fotoh-3-e1591332356301-768x580.jpg 768w, https:\/\/diarioregionaldigital.com.br\/wp-content\/uploads\/2020\/06\/fotoh-3-e1591332356301-360x272.jpg 360w\" sizes=\"auto, (max-width: 680px) 100vw, 680px\" \/><p id=\"caption-attachment-161770\" class=\"wp-caption-text\">O coiffeur Rosenberg Frizeiro e a estrela dos musicais Beyonc\u00e9 Ravel. No Rocket de outrora<\/p><\/div>\n<div id=\"attachment_161771\" style=\"width: 690px\" class=\"wp-caption aligncenter\"><img loading=\"lazy\" decoding=\"async\" aria-describedby=\"caption-attachment-161771\" class=\"wp-image-161771\" src=\"https:\/\/diarioregionaldigital.com.br\/wp-content\/uploads\/2020\/06\/fotoi-2-e1591332648282.jpg\" alt=\"\" width=\"680\" height=\"552\" srcset=\"https:\/\/diarioregionaldigital.com.br\/wp-content\/uploads\/2020\/06\/fotoi-2-e1591332648282.jpg 1429w, https:\/\/diarioregionaldigital.com.br\/wp-content\/uploads\/2020\/06\/fotoi-2-e1591332648282-300x243.jpg 300w, https:\/\/diarioregionaldigital.com.br\/wp-content\/uploads\/2020\/06\/fotoi-2-e1591332648282-1024x831.jpg 1024w, https:\/\/diarioregionaldigital.com.br\/wp-content\/uploads\/2020\/06\/fotoi-2-e1591332648282-768x623.jpg 768w, https:\/\/diarioregionaldigital.com.br\/wp-content\/uploads\/2020\/06\/fotoi-2-e1591332648282-220x180.jpg 220w, https:\/\/diarioregionaldigital.com.br\/wp-content\/uploads\/2020\/06\/fotoi-2-e1591332648282-360x292.jpg 360w\" sizes=\"auto, (max-width: 680px) 100vw, 680px\" \/><p id=\"caption-attachment-161771\" class=\"wp-caption-text\">Em casa isolados, a gata Flora e seu dono-professor Fred Alvim<\/p><\/div>\n<p style=\"text-align: center;\"><strong>FOTOSS\u00cdNTESE<\/strong><\/p>\n<p>Para enfrentar o momento cr\u00edtico na cultura de Juiz de Fora, artistas e gestores est\u00e3o criando alternativas para encarar e superar a pandemia. Este colunista apoia todas as iniciativas.<\/p>\n<p>As lives apresentadas por este colunista na redes sociais s\u00e3o realizadas no terra\u00e7o do Solar Flat Hotel, com produ\u00e7\u00e3o total de Rosenberg Frizeiro.<br \/>\nConversa para boi dormir: \u201cSe n\u00e3o fosse pra comer de madrugada, geladeira n\u00e3o tinha l\u00e2mpada\u201d.<\/p>\n<p>Aten\u00e7\u00e3o: as bancas de jornais e revistas \u00e9 um servi\u00e7o essencial que oferece acesso a informa\u00e7\u00e3o di\u00e1ria, cr\u00e9dito para telefones celulares, revistas, passa tempo e palavras cruzadas importantes neste momento de isolamento social.<\/p>\n<p>Por orienta\u00e7\u00e3o da Fazenda, todos as pastas da PJF j\u00e1 est\u00e3o verificando o que pode ser feito para reduzir despesas e gastos. Tudo para enxugar as despesas, revis\u00e3o em contratos e cortes na folha miram economia de R$ 10 milh\u00f5es mensais.<\/p>\n<p>Jovem e solid\u00e1rio, Felipe Abranches est\u00e1 arrecadando alimentos para doar cestas b\u00e1sicas aos mais necessitados.<\/p>\n<p>Juntando prop\u00f3sitos sadios, a meta da MRS Log\u00edstica \u00e9 entregar durante esta pandemia 15mil cestas b\u00e1sicas e kits de higiene as secretarias de cidades de Minas Gerais, Rio de Janeiro e S\u00e3o Paulo.<\/p>\n<p>Fique ligado: A Anvisa alerta que as pessoas de todas as faixas et\u00e1rias desaconselha, neste momento, a realiza\u00e7\u00e3o de viagens, especialmente para cidades ou regi\u00f5es com maior n\u00fameros de casos e \u00f3bitos pelo Covid-19.<\/p>\n<p>Aten\u00e7\u00e3o: Por mais que a abelha tente explicar para a mosca que a flor \u00e9 melhor que o lixo, a mosca jamais entender\u00e1. Portanto cada um vive a verdade que acredita! Bom dia.<\/p>\n<p><img loading=\"lazy\" decoding=\"async\" class=\"aligncenter size-full wp-image-161777\" src=\"https:\/\/diarioregionaldigital.com.br\/wp-content\/uploads\/2020\/06\/anuncio87-scaled.jpg\" alt=\"\" width=\"2560\" height=\"967\" srcset=\"https:\/\/diarioregionaldigital.com.br\/wp-content\/uploads\/2020\/06\/anuncio87-scaled.jpg 2560w, https:\/\/diarioregionaldigital.com.br\/wp-content\/uploads\/2020\/06\/anuncio87-300x113.jpg 300w, https:\/\/diarioregionaldigital.com.br\/wp-content\/uploads\/2020\/06\/anuncio87-1024x387.jpg 1024w, https:\/\/diarioregionaldigital.com.br\/wp-content\/uploads\/2020\/06\/anuncio87-768x290.jpg 768w, https:\/\/diarioregionaldigital.com.br\/wp-content\/uploads\/2020\/06\/anuncio87-1536x580.jpg 1536w, https:\/\/diarioregionaldigital.com.br\/wp-content\/uploads\/2020\/06\/anuncio87-2048x773.jpg 2048w, https:\/\/diarioregionaldigital.com.br\/wp-content\/uploads\/2020\/06\/anuncio87-360x136.jpg 360w\" sizes=\"auto, (max-width: 2560px) 100vw, 2560px\" \/><\/p>\n","protected":false},"excerpt":{"rendered":"<p>Fiemg Din\u00e2mico e atuante o empres\u00e1rio Heveraldo Lima de Castro presidente do Sindicato das Ind\u00fastrias de Panifica\u00e7\u00e3o e Confeitaria de Juiz de Fora, assumiu a presid\u00eancia da Regional Zona da Mata da Fiemg. O ex-presidente, Aur\u00e9lio Marangon, passou a ocupar o cargo de diretor. Diante da pandemia, o presidente da Fiemg, Fl\u00e1vio Roscol, deu a [&hellip;]<\/p>\n","protected":false},"author":96,"featured_media":161764,"comment_status":"closed","ping_status":"closed","sticky":false,"template":"","format":"standard","meta":{"footnotes":""},"categories":[264],"tags":[],"class_list":["post-161776","post","type-post","status-publish","format-standard","has-post-thumbnail","hentry","category-eduardo-gomes"],"_links":{"self":[{"href":"https:\/\/diarioregionaldigital.com.br\/index.php?rest_route=\/wp\/v2\/posts\/161776","targetHints":{"allow":["GET"]}}],"collection":[{"href":"https:\/\/diarioregionaldigital.com.br\/index.php?rest_route=\/wp\/v2\/posts"}],"about":[{"href":"https:\/\/diarioregionaldigital.com.br\/index.php?rest_route=\/wp\/v2\/types\/post"}],"author":[{"embeddable":true,"href":"https:\/\/diarioregionaldigital.com.br\/index.php?rest_route=\/wp\/v2\/users\/96"}],"replies":[{"embeddable":true,"href":"https:\/\/diarioregionaldigital.com.br\/index.php?rest_route=%2Fwp%2Fv2%2Fcomments&post=161776"}],"version-history":[{"count":0,"href":"https:\/\/diarioregionaldigital.com.br\/index.php?rest_route=\/wp\/v2\/posts\/161776\/revisions"}],"wp:featuredmedia":[{"embeddable":true,"href":"https:\/\/diarioregionaldigital.com.br\/index.php?rest_route=\/wp\/v2\/media\/161764"}],"wp:attachment":[{"href":"https:\/\/diarioregionaldigital.com.br\/index.php?rest_route=%2Fwp%2Fv2%2Fmedia&parent=161776"}],"wp:term":[{"taxonomy":"category","embeddable":true,"href":"https:\/\/diarioregionaldigital.com.br\/index.php?rest_route=%2Fwp%2Fv2%2Fcategories&post=161776"},{"taxonomy":"post_tag","embeddable":true,"href":"https:\/\/diarioregionaldigital.com.br\/index.php?rest_route=%2Fwp%2Fv2%2Ftags&post=161776"}],"curies":[{"name":"wp","href":"https:\/\/api.w.org\/{rel}","templated":true}]}}