{"id":161772,"date":"2020-06-04T23:38:19","date_gmt":"2020-06-05T02:38:19","guid":{"rendered":"https:\/\/diarioregionaldigital.com.br\/?p=161772"},"modified":"2020-06-04T23:38:19","modified_gmt":"2020-06-05T02:38:19","slug":"covid-19-brasil-tem-614-941-casos-total-de-mortes-chega-a-34-021","status":"publish","type":"post","link":"https:\/\/diarioregionaldigital.com.br\/?p=161772","title":{"rendered":"Covid-19: Brasil tem 614.941 casos; total de mortes chega a 34.021"},"content":{"rendered":"<p>O balan\u00e7o di\u00e1rio divulgado pelo Minist\u00e9rio da Sa\u00fade trouxe 30.925 novas pessoas infectadas com o novo coronav\u00edrus, totalizando 614.941. O resultado marcou um acr\u00e9scimo de 5% em rela\u00e7\u00e3o a\u00a0ontem\u00a0(3), quando o n\u00famero de pessoas infectadas estava em 584.016.<\/p>\n<p>A atualiza\u00e7\u00e3o do Minist\u00e9rio da Sa\u00fade\u00a0registrou 1.473 novas mortes, chegando a 34.021. O resultado representou um aumento de 4,3% em rela\u00e7\u00e3o a\u00a0ontem, quando foram contabilizados 32.548 falecimentos por covid-19.<\/p>\n<p>Do total de casos confirmados, 325.957 est\u00e3o em acompanhamento e 254.963 foram recuperados. H\u00e1 ainda 4.159 \u00f3bitos sendo analisados.<\/p>\n<p>S\u00e3o Paulo se mant\u00e9m como epicentro da pandemia no pa\u00eds, concentrando o maior n\u00famero de falecimentos (8.560). O estado \u00e9 seguido pelo Rio\u00a0de Janeiro\u00a0(6.327), Cear\u00e1 (3.813), Par\u00e1 (3.416) e Pernambuco (3.134).<\/p>\n<p>Al\u00e9m disso, foram registradas mortes no Amazonas (2.183), Maranh\u00e3o (1.062), Bahia (790), Esp\u00edrito Santo (737), Alagoas (531), Para\u00edba (438), Rio Grande do Norte (378), Minas Gerais (323), Rio Grande do Sul (265), Amap\u00e1 (254), Paran\u00e1 (215),\u00a0Piau\u00ed (202), Distrito Federal (196), Rond\u00f4nia (194),\u00a0Sergipe (186),\u00a0 Acre (181), Goi\u00e1s (164), Santa Catarina (156), Roraima (127), Tocantins (87), Mato Grosso (82) e Mato Grosso do Sul (20).<\/p>\n<p>J\u00e1 em n\u00famero de casos confirmados, o\u00a0ranking\u00a0tem S\u00e3o Paulo (129.200), Rio\u00a0de Janeiro\u00a0(60.932), Cear\u00e1 (59.795), Par\u00e1 (48.049) e Amazonas (46.473). Entre as unidades da federa\u00e7\u00e3o com mais pessoas infectadas est\u00e3o ainda Maranh\u00e3o (40.629), Pernambuco (37.507), Bahia (23.463), Esp\u00edrito Santo (16.894) e\u00a0Para\u00edba\u00a0(17.579).<\/p>\n<p>&nbsp;<\/p>\n<p><strong>Fonte:\u00a0<\/strong>Ag\u00eancia Brasil<\/p>\n","protected":false},"excerpt":{"rendered":"<p>O balan\u00e7o di\u00e1rio divulgado pelo Minist\u00e9rio da Sa\u00fade trouxe 30.925 novas pessoas infectadas com o novo coronav\u00edrus, totalizando 614.941. O resultado marcou um acr\u00e9scimo de 5% em rela\u00e7\u00e3o a\u00a0ontem\u00a0(3), quando o n\u00famero de pessoas infectadas estava em 584.016. A atualiza\u00e7\u00e3o do Minist\u00e9rio da Sa\u00fade\u00a0registrou 1.473 novas mortes, chegando a 34.021. O resultado representou um aumento [&hellip;]<\/p>\n","protected":false},"author":96,"featured_media":161281,"comment_status":"closed","ping_status":"closed","sticky":false,"template":"","format":"standard","meta":{"footnotes":""},"categories":[302,436,440,439],"tags":[],"class_list":["post-161772","post","type-post","status-publish","format-standard","has-post-thumbnail","hentry","category-brasil-mundo","category-destaque-da-semana","category-destaques-do-dia","category-ultima-hora"],"_links":{"self":[{"href":"https:\/\/diarioregionaldigital.com.br\/index.php?rest_route=\/wp\/v2\/posts\/161772","targetHints":{"allow":["GET"]}}],"collection":[{"href":"https:\/\/diarioregionaldigital.com.br\/index.php?rest_route=\/wp\/v2\/posts"}],"about":[{"href":"https:\/\/diarioregionaldigital.com.br\/index.php?rest_route=\/wp\/v2\/types\/post"}],"author":[{"embeddable":true,"href":"https:\/\/diarioregionaldigital.com.br\/index.php?rest_route=\/wp\/v2\/users\/96"}],"replies":[{"embeddable":true,"href":"https:\/\/diarioregionaldigital.com.br\/index.php?rest_route=%2Fwp%2Fv2%2Fcomments&post=161772"}],"version-history":[{"count":0,"href":"https:\/\/diarioregionaldigital.com.br\/index.php?rest_route=\/wp\/v2\/posts\/161772\/revisions"}],"wp:featuredmedia":[{"embeddable":true,"href":"https:\/\/diarioregionaldigital.com.br\/index.php?rest_route=\/wp\/v2\/media\/161281"}],"wp:attachment":[{"href":"https:\/\/diarioregionaldigital.com.br\/index.php?rest_route=%2Fwp%2Fv2%2Fmedia&parent=161772"}],"wp:term":[{"taxonomy":"category","embeddable":true,"href":"https:\/\/diarioregionaldigital.com.br\/index.php?rest_route=%2Fwp%2Fv2%2Fcategories&post=161772"},{"taxonomy":"post_tag","embeddable":true,"href":"https:\/\/diarioregionaldigital.com.br\/index.php?rest_route=%2Fwp%2Fv2%2Ftags&post=161772"}],"curies":[{"name":"wp","href":"https:\/\/api.w.org\/{rel}","templated":true}]}}