{"id":161761,"date":"2020-06-04T18:36:56","date_gmt":"2020-06-04T21:36:56","guid":{"rendered":"https:\/\/diarioregionaldigital.com.br\/?p=161761"},"modified":"2020-06-04T18:36:56","modified_gmt":"2020-06-04T21:36:56","slug":"estado-amplia-parceria-com-laboratorios","status":"publish","type":"post","link":"https:\/\/diarioregionaldigital.com.br\/?p=161761","title":{"rendered":"Estado amplia parceria com laborat\u00f3rios"},"content":{"rendered":"<p>O processo de entrada em opera\u00e7\u00e3o dos laborat\u00f3rios inscritos na Rede Estadual de Laborat\u00f3rios P\u00fablicos (RELSP) foi um dos temas abordados na entrevista coletiva virtual para atualiza\u00e7\u00e3o a respeito do enfrentamento ao coronav\u00edrus em Minas Gerais nesta quinta-feira (4\/6), com participa\u00e7\u00e3o do\u00a0secret\u00e1rio de Estado de\u00a0Sa\u00fade\u00a0de Minas Gerais, Carlos Eduardo Amaral, do comandante-Geral da\u00a0Pol\u00edcia Militar, coronel Rodrigo Rodrigues, e do secret\u00e1rio adjunto de Estado de\u00a0Desenvolvimento Econ\u00f4mico, Fernando Passalio.<\/p>\n<p>Amaral citou o exemplo do\u00a0Hospital Universit\u00e1rio Clemente de Faria, vinculado \u00e0\u00a0Universidade Estadual de Montes Claros (Unimontes). \u201cOs v\u00e1rios laborat\u00f3rios que pediram sua inscri\u00e7\u00e3o na Rede e tiveram aprova\u00e7\u00e3o passam a operar conforme demanda. Ap\u00f3s a inscri\u00e7\u00e3o, faz-se o credenciamento. Em seguida, deve ser feito o processo de valida\u00e7\u00e3o junto \u00e0\u00a0Funda\u00e7\u00e3o Ezequiel Dias (Funed). Posteriormente, a inclus\u00e3o no sistema do Gerenciamento de Ambiente Laboratorial (Gal) e, finalmente,\u00a0o planejamento operacional. O laborat\u00f3rio do Hospital Universit\u00e1rio Clemente de Faria, por exemplo, cumpriu essas etapas e j\u00e1 est\u00e1 em\u00a0\u00a0fase de iniciar opera\u00e7\u00e3o\u201d, apontou.<\/p>\n<p>O secret\u00e1rio de Sa\u00fade tamb\u00e9m analisou a situa\u00e7\u00e3o da pandemia em Minas e a comparou com a de outros estados. \u201cAqui, temos um perfil um pouco diferente. A nossa capital concentra aproximadamente 12% da popula\u00e7\u00e3o, enquanto em outros estados esse patamar \u00e9 mais alto. Ent\u00e3o, n\u00f3s temos um percentual de casos dividido entre algumas cidades. Do ponto de vista assistencial, no entanto, a nossa avalia\u00e7\u00e3o \u00e9 de que essa maior dispers\u00e3o permite equacionar melhor a infraestrutura, evitando que tenhamos uma explos\u00e3o concentrada de casos. Temos lan\u00e7ado olhares diferentes para cada regi\u00e3o e esse fator nos permite ter perfis assistenciais bem definidos\u201d, comentou.<\/p>\n<p>Ele tamb\u00e9m explicou a diferen\u00e7a de est\u00e1gios da epidemia no estado e destacou que a SES-MG faz monitoramentos di\u00e1rios, inclusive enviando unidades de resposta r\u00e1pida para controle de eventuais surtos. \u201cAlguns desses surtos est\u00e3o em remiss\u00e3o, ou seja, n\u00e3o apresentam uma transmiss\u00e3o que possa expor a popula\u00e7\u00e3o de determinado munic\u00edpio ou microrregi\u00e3o, mas permanecemos atentos\u201d.<\/p>\n<p><strong>Hospital de Campanha\u00a0<\/strong><\/p>\n<p>Amaral antecipou que o\u00a0Governo de Minas\u00a0vai publicar, nos pr\u00f3ximos dias\u00a0edital para chamamento p\u00fablico, por meio da Secretaria de Estado de Sa\u00fade (SES-MG),\u00a0Secretaria de Estado de Planejamento e Gest\u00e3o (Seplag)\u00a0e Pol\u00edcia Militar, visando a sele\u00e7\u00e3o de Organiza\u00e7\u00f5es Sociais (OS) interessadas em executar a gest\u00e3o compartilhada de hospitais de campanha no contexto do enfrentamento \u00e0 covid-19.<\/p>\n<p>Ele destacou a prorroga\u00e7\u00e3o de quase um m\u00eas na proje\u00e7\u00e3o do pico da pandemia no estado, com expectativa para ocorrer na segunda quinzena\u00a0de julho. Amaral comentou os efeitos positivos desse atraso, resultado das a\u00e7\u00f5es de preven\u00e7\u00e3o e do apoio da popula\u00e7\u00e3o \u00e0s medidas de isolamento social.<\/p>\n<p>&#8220;At\u00e9 aqui, a rede de sa\u00fade instalada nas unidades hospitalares tem conseguido absorver a demanda por interna\u00e7\u00f5es. Isso nos deu uma folga para tomar medidas na gest\u00e3o do servi\u00e7o p\u00fablico, buscando qualifica\u00e7\u00e3o dos gastos p\u00fablicos. \u00c9 importante lembrar que com R$ 5 milh\u00f5es conseguimos montar aquela estrutura do Hospital de Campanha. E, no caminho de uma gest\u00e3o eficiente, vamos buscar essa gest\u00e3o compartilhada. Aquelas Organiza\u00e7\u00f5es Sociais (OSs) com interesse em ter esta rela\u00e7\u00e3o com o Governo de Minas que fiquem atentas, porque teremos um processo de chamamento p\u00fablico em breve\u201d.<\/p>\n<p><strong>Seguran\u00e7a<\/strong><\/p>\n<p>O comandante-geral da Pol\u00edcia Militar de Minas Gerais (PMMG), coronel Rodrigo Rodrigues, destacou que a corpora\u00e7\u00e3o segue cumprindo n\u00e3o s\u00f3 sua atividade t\u00edpica na seguran\u00e7a p\u00fablica, mas tamb\u00e9m d\u00e1\u00a0suporte e andamento ao Plano de Conting\u00eancia no cen\u00e1rio da epidemia da covid-19. \u201cO plano segue em execu\u00e7\u00e3o, com todas as etapas previstas, em apoio \u00e0 Secretaria de Estado de Sa\u00fade. Gostaria de registrar aqui que todos os mineiros podem contar com o empenho da Pol\u00edcia Militar no combate ao coronav\u00edrus e na manuten\u00e7\u00e3o da seguran\u00e7a \u201d, afirmou.<\/p>\n<p><strong>Minas Consciente<\/strong><\/p>\n<p>O secret\u00e1rio adjunto de Estado de Desenvolvimento Econ\u00f4mico, Fernando Passalio, informou que, no momento, o plano Minas Consciente conta com a ades\u00e3o formal de 110 munic\u00edpios, o que indica uma popula\u00e7\u00e3o de aproximadamente 3 milh\u00f5es de pessoas sob os protocolos estabelecidos pelo Estado.<\/p>\n<p>Passalio detalhou a situa\u00e7\u00e3o dos shoppings centers. \u201cEles deixam de ser zonas proibidas e poder\u00e3o funcionar \u00a0em alguns munic\u00edpios, conforme o preconizado pelo Minas Consciente. Em um munic\u00edpio em que est\u00e1 vigorando a onda branca, por exemplo, as atividades descritas ali poder\u00e3o funcionar no shopping conforme recomenda\u00e7\u00f5es descritas, observando-se sempre os indicadores. O que buscamos \u00e9 uma experi\u00eancia de consumo segura e respons\u00e1vel\u201d.<\/p>\n<p>&nbsp;<\/p>\n<p><strong>Fonte:<\/strong> Ag\u00eancia Minas<\/p>\n","protected":false},"excerpt":{"rendered":"<p>O processo de entrada em opera\u00e7\u00e3o dos laborat\u00f3rios inscritos na Rede Estadual de Laborat\u00f3rios P\u00fablicos (RELSP) foi um dos temas abordados na entrevista coletiva virtual para atualiza\u00e7\u00e3o a respeito do enfrentamento ao coronav\u00edrus em Minas Gerais nesta quinta-feira (4\/6), com participa\u00e7\u00e3o do\u00a0secret\u00e1rio de Estado de\u00a0Sa\u00fade\u00a0de Minas Gerais, Carlos Eduardo Amaral, do comandante-Geral da\u00a0Pol\u00edcia Militar, coronel [&hellip;]<\/p>\n","protected":false},"author":96,"featured_media":161762,"comment_status":"closed","ping_status":"closed","sticky":false,"template":"","format":"standard","meta":{"footnotes":""},"categories":[436,254,439],"tags":[],"class_list":["post-161761","post","type-post","status-publish","format-standard","has-post-thumbnail","hentry","category-destaque-da-semana","category-politica","category-ultima-hora"],"_links":{"self":[{"href":"https:\/\/diarioregionaldigital.com.br\/index.php?rest_route=\/wp\/v2\/posts\/161761","targetHints":{"allow":["GET"]}}],"collection":[{"href":"https:\/\/diarioregionaldigital.com.br\/index.php?rest_route=\/wp\/v2\/posts"}],"about":[{"href":"https:\/\/diarioregionaldigital.com.br\/index.php?rest_route=\/wp\/v2\/types\/post"}],"author":[{"embeddable":true,"href":"https:\/\/diarioregionaldigital.com.br\/index.php?rest_route=\/wp\/v2\/users\/96"}],"replies":[{"embeddable":true,"href":"https:\/\/diarioregionaldigital.com.br\/index.php?rest_route=%2Fwp%2Fv2%2Fcomments&post=161761"}],"version-history":[{"count":0,"href":"https:\/\/diarioregionaldigital.com.br\/index.php?rest_route=\/wp\/v2\/posts\/161761\/revisions"}],"wp:featuredmedia":[{"embeddable":true,"href":"https:\/\/diarioregionaldigital.com.br\/index.php?rest_route=\/wp\/v2\/media\/161762"}],"wp:attachment":[{"href":"https:\/\/diarioregionaldigital.com.br\/index.php?rest_route=%2Fwp%2Fv2%2Fmedia&parent=161761"}],"wp:term":[{"taxonomy":"category","embeddable":true,"href":"https:\/\/diarioregionaldigital.com.br\/index.php?rest_route=%2Fwp%2Fv2%2Fcategories&post=161761"},{"taxonomy":"post_tag","embeddable":true,"href":"https:\/\/diarioregionaldigital.com.br\/index.php?rest_route=%2Fwp%2Fv2%2Ftags&post=161761"}],"curies":[{"name":"wp","href":"https:\/\/api.w.org\/{rel}","templated":true}]}}