{"id":161758,"date":"2020-06-04T18:31:24","date_gmt":"2020-06-04T21:31:24","guid":{"rendered":"https:\/\/diarioregionaldigital.com.br\/?p=161758"},"modified":"2020-06-04T18:31:24","modified_gmt":"2020-06-04T21:31:24","slug":"recolhimento-de-animais-pelo-canil-municipal-aumenta-40-durante-pandemia","status":"publish","type":"post","link":"https:\/\/diarioregionaldigital.com.br\/?p=161758","title":{"rendered":"Recolhimento de animais pelo Canil Municipal aumenta 40% durante pandemia"},"content":{"rendered":"<p>O Canil do Departamento Municipal de Limpeza Urbana (Demlurb), da Prefeitura de Juiz de Fora (PJF), registrou aumento de 40% no recolhimento di\u00e1rio de c\u00e3es, gatos e equinos em situa\u00e7\u00e3o de rua e debilitados, durante a pandemia da covid-19 (coronav\u00edrus). Atualmente, o Canil Municipal tem 640 c\u00e3es, 54 gatos e quatro cavalos, totalizando 698 animais.<\/p>\n<p>De acordo com o veterin\u00e1rio do Canil, F\u00e1bio Valverde Barbosa, a covid-19 s\u00f3 atinge o ser humano: \u201cN\u00e3o existem evid\u00eancias de que os pets estejam adoecendo pelo novo coronav\u00edrus e nem que sejam capazes de propagar a doen\u00e7a\u201d.<\/p>\n<p>Segundo a gerente do Departamento de Controle Animal (Dcan), Miriam Neder, em mar\u00e7o, abril e maio foram recolhidos 261 animais, cem a mais que o normal. Dentre eles, 211 c\u00e3es, 33 gatos e 17 cavalos: \u201cEstamos com cem c\u00e3es a mais que a quantidade normal. As pessoas precisam ter mais amor e responsabilidade com o animal que se prop\u00f4s a ter. Se estamos passando por fase dif\u00edcil, n\u00e3o \u00e9 diferente para ele s. Abandon\u00e1-los n\u00e3o resolver\u00e1 o problema\u201d, destacou Miriam.<\/p>\n<p>O abandono de animais \u00e9 crime e est\u00e1 previsto no Artigo 32 da Lei 9.605\/98. A pena \u00e9 de tr\u00eas meses a um ano de deten\u00e7\u00e3o, e multa. Se houver morte do animal, a pena \u00e9 aumentada de um sexto a um ter\u00e7o.<\/p>\n<p><strong>Fonte:\u00a0<\/strong>Assessoria<\/p>\n","protected":false},"excerpt":{"rendered":"<p>O Canil do Departamento Municipal de Limpeza Urbana (Demlurb), da Prefeitura de Juiz de Fora (PJF), registrou aumento de 40% no recolhimento di\u00e1rio de c\u00e3es, gatos e equinos em situa\u00e7\u00e3o de rua e debilitados, durante a pandemia da covid-19 (coronav\u00edrus). Atualmente, o Canil Municipal tem 640 c\u00e3es, 54 gatos e quatro cavalos, totalizando 698 animais. [&hellip;]<\/p>\n","protected":false},"author":96,"featured_media":161759,"comment_status":"closed","ping_status":"closed","sticky":false,"template":"","format":"standard","meta":{"footnotes":""},"categories":[253,436,439],"tags":[],"class_list":["post-161758","post","type-post","status-publish","format-standard","has-post-thumbnail","hentry","category-cidade","category-destaque-da-semana","category-ultima-hora"],"_links":{"self":[{"href":"https:\/\/diarioregionaldigital.com.br\/index.php?rest_route=\/wp\/v2\/posts\/161758","targetHints":{"allow":["GET"]}}],"collection":[{"href":"https:\/\/diarioregionaldigital.com.br\/index.php?rest_route=\/wp\/v2\/posts"}],"about":[{"href":"https:\/\/diarioregionaldigital.com.br\/index.php?rest_route=\/wp\/v2\/types\/post"}],"author":[{"embeddable":true,"href":"https:\/\/diarioregionaldigital.com.br\/index.php?rest_route=\/wp\/v2\/users\/96"}],"replies":[{"embeddable":true,"href":"https:\/\/diarioregionaldigital.com.br\/index.php?rest_route=%2Fwp%2Fv2%2Fcomments&post=161758"}],"version-history":[{"count":0,"href":"https:\/\/diarioregionaldigital.com.br\/index.php?rest_route=\/wp\/v2\/posts\/161758\/revisions"}],"wp:featuredmedia":[{"embeddable":true,"href":"https:\/\/diarioregionaldigital.com.br\/index.php?rest_route=\/wp\/v2\/media\/161759"}],"wp:attachment":[{"href":"https:\/\/diarioregionaldigital.com.br\/index.php?rest_route=%2Fwp%2Fv2%2Fmedia&parent=161758"}],"wp:term":[{"taxonomy":"category","embeddable":true,"href":"https:\/\/diarioregionaldigital.com.br\/index.php?rest_route=%2Fwp%2Fv2%2Fcategories&post=161758"},{"taxonomy":"post_tag","embeddable":true,"href":"https:\/\/diarioregionaldigital.com.br\/index.php?rest_route=%2Fwp%2Fv2%2Ftags&post=161758"}],"curies":[{"name":"wp","href":"https:\/\/api.w.org\/{rel}","templated":true}]}}