{"id":161756,"date":"2020-06-04T18:28:03","date_gmt":"2020-06-04T21:28:03","guid":{"rendered":"https:\/\/diarioregionaldigital.com.br\/?p=161756"},"modified":"2020-06-04T18:28:03","modified_gmt":"2020-06-04T21:28:03","slug":"boletim-covid-19-prefeitura-confirma-38-obitos-e-700-casos-confirmados-nesta-quinta","status":"publish","type":"post","link":"https:\/\/diarioregionaldigital.com.br\/?p=161756","title":{"rendered":"Boletim Covid-19 &#8211; Prefeitura confirma 38 \u00f3bitos e 700 casos confirmados nesta quinta"},"content":{"rendered":"<p>A Secretaria de Sa\u00fade (SS) da Prefeitura de Juiz de Fora (PJF) confirmou nesta quinta-feira, 4, mais tr\u00eas mortes pelo novo coronav\u00edrus. Com os novos registros, o munic\u00edpio contabiliza 38 \u00f3bitos por covid-19.\u00a0<b>Todos os dados s\u00e3o referentes a moradores de Juiz de Fora.<\/b><\/p>\n<p>Uma das v\u00edtimas \u00e9 uma idosa de 70 anos que morreu no dia 30 de maio. Ela tinha Diabetes Mellitus, Doen\u00e7a Cardiovascular Cr\u00f4nica (DCC) e obesidade. Os outros dois \u00f3bitos s\u00e3o de idosos. Um de 61 anos que morreu na \u00faltima ter\u00e7a, 2. Como comorbidade, ele tinha Hipertens\u00e3o Arterial Sist\u00eamica (HAS), Diabetes Mellitus e Acidente Vascular Encef\u00e1lico (AVE). O outro idoso, tinha 76 anos. Ele tinha Hipertens\u00e3o Arterial Sist\u00eamica (HAS), Diabetes Mellitus, Doen\u00e7a Cardiovascular Cr\u00f4nica (DCC) e Doen\u00e7a Pulmonar Obstrutiva Cr\u00f4nica (DPOC). O \u00f3bito foi registrado na segunda-feira, 1\u00ba.<\/p>\n<p>O Boletim Epidemiol\u00f3gico tamb\u00e9m registrou 11 novos casos de pessoas infectadas, totalizando 700 confirmados. Mais 115 novas suspeitas fora registadas, contabilizando 5.070. Um \u00f3bito est\u00e1 sendo investigado.<\/p>\n<p><b>Boletim desta quinta, 4<\/b><\/p>\n<p>&#8211; 5.070 suspeitos<br \/>\n&#8211; 700 confirmados<br \/>\n&#8211; 38 \u00f3bitos confirmados<br \/>\n&#8211; 1 \u00f3bito em investiga\u00e7\u00e3o<\/p>\n","protected":false},"excerpt":{"rendered":"<p>A Secretaria de Sa\u00fade (SS) da Prefeitura de Juiz de Fora (PJF) confirmou nesta quinta-feira, 4, mais tr\u00eas mortes pelo novo coronav\u00edrus. Com os novos registros, o munic\u00edpio contabiliza 38 \u00f3bitos por covid-19.\u00a0Todos os dados s\u00e3o referentes a moradores de Juiz de Fora. Uma das v\u00edtimas \u00e9 uma idosa de 70 anos que morreu no [&hellip;]<\/p>\n","protected":false},"author":96,"featured_media":161328,"comment_status":"closed","ping_status":"closed","sticky":false,"template":"","format":"standard","meta":{"footnotes":""},"categories":[253,436,440,439],"tags":[],"class_list":["post-161756","post","type-post","status-publish","format-standard","has-post-thumbnail","hentry","category-cidade","category-destaque-da-semana","category-destaques-do-dia","category-ultima-hora"],"_links":{"self":[{"href":"https:\/\/diarioregionaldigital.com.br\/index.php?rest_route=\/wp\/v2\/posts\/161756","targetHints":{"allow":["GET"]}}],"collection":[{"href":"https:\/\/diarioregionaldigital.com.br\/index.php?rest_route=\/wp\/v2\/posts"}],"about":[{"href":"https:\/\/diarioregionaldigital.com.br\/index.php?rest_route=\/wp\/v2\/types\/post"}],"author":[{"embeddable":true,"href":"https:\/\/diarioregionaldigital.com.br\/index.php?rest_route=\/wp\/v2\/users\/96"}],"replies":[{"embeddable":true,"href":"https:\/\/diarioregionaldigital.com.br\/index.php?rest_route=%2Fwp%2Fv2%2Fcomments&post=161756"}],"version-history":[{"count":0,"href":"https:\/\/diarioregionaldigital.com.br\/index.php?rest_route=\/wp\/v2\/posts\/161756\/revisions"}],"wp:featuredmedia":[{"embeddable":true,"href":"https:\/\/diarioregionaldigital.com.br\/index.php?rest_route=\/wp\/v2\/media\/161328"}],"wp:attachment":[{"href":"https:\/\/diarioregionaldigital.com.br\/index.php?rest_route=%2Fwp%2Fv2%2Fmedia&parent=161756"}],"wp:term":[{"taxonomy":"category","embeddable":true,"href":"https:\/\/diarioregionaldigital.com.br\/index.php?rest_route=%2Fwp%2Fv2%2Fcategories&post=161756"},{"taxonomy":"post_tag","embeddable":true,"href":"https:\/\/diarioregionaldigital.com.br\/index.php?rest_route=%2Fwp%2Fv2%2Ftags&post=161756"}],"curies":[{"name":"wp","href":"https:\/\/api.w.org\/{rel}","templated":true}]}}