{"id":161753,"date":"2020-06-04T18:24:45","date_gmt":"2020-06-04T21:24:45","guid":{"rendered":"https:\/\/diarioregionaldigital.com.br\/?p=161753"},"modified":"2020-06-04T18:24:45","modified_gmt":"2020-06-04T21:24:45","slug":"covid-19-novo-boletim-feito-pela-ufjf-aponta-diminuicao-da-taxa-de-crescimento-dos-casos-confirmados","status":"publish","type":"post","link":"https:\/\/diarioregionaldigital.com.br\/?p=161753","title":{"rendered":"Covid-19: novo boletim feito pela UFJF aponta diminui\u00e7\u00e3o da taxa de crescimento dos casos confirmados"},"content":{"rendered":"<p>Na quarta-feira (2), o grupo de pesquisadores da Universidade Federal de Juiz de Fora (UFJF) apresentou o quarto boletim semanal, referente aos casos confirmados de Coronav\u00edrus no munic\u00edpio. Os dados apontam queda da taxa de crescimento dos casos confirmados, mas segundo os pesquisadores, a curva continua crescendo devido ao aumento de casos no munic\u00edpio.<\/p>\n<p>O primeiro levantamento feito pelos pesquisadores foi no dia 12 de maio, no qual os casos confirmados apresentaram taxa de crescimento de 8% ao dia. No segundo, de 19 de maio, este n\u00famero havia ca\u00eddo para 4,2%; o terceiro, do dia 26 de maio, apresentou uma taxa de 3,8%. O boletim mais atual mostra uma taxa de crescimento de 2,8%.<\/p>\n<p>Segundo um dos pesquisadores, Fernando Colugnati, os dados levantados apontam queda na velocidade da curva referente aos casos confirmados, mas o cen\u00e1rio foi o mesmo em rela\u00e7\u00e3o ao \u00faltimo boletim:<\/p>\n<p>\u201cVerificamos uma queda na velocidade da curva, de praticamente um ponto percentual, mas isso n\u00e3o refletiu uma mudan\u00e7a nas previs\u00f5es. N\u00e3o h\u00e1 muitas novidades nesta semana, al\u00e9m do reajuste das previs\u00f5es, que no entanto n\u00e3o diferem das anteriores em termos dos intervalos de predi\u00e7\u00e3o apresentados, que representam as incertezas nas estimativas\u201d.<\/p>\n<p><strong>N\u00famero de casos confirmados e isolamento social<\/strong><\/p>\n<p><strong>\u00a0<\/strong>Conforme os dados levantados pelos pesquisadores, a previs\u00e3o de casos confirmados para o dia 8 de junho em Juiz de Fora, foi reajustada de 719 para 754. Al\u00e9m disso, a previs\u00e3o pode chegar a 874 casos no dia 16.<\/p>\n<p>A pesquisa mostra tamb\u00e9m que o isolamento social continua em queda do per\u00edodo de 15 de abril a 25 de maio.<\/p>\n<p><strong>Boletim epidemiol\u00f3gico<\/strong><\/p>\n<p>Segundo o boletim epidemiol\u00f3gico divulgado na quinta-feira (4), pela Secretaria de Sa\u00fade (SS) da Prefeitura de Juiz de Fora (PJF), o munic\u00edpio tem 700 casos confirmados, 38 mortes e 5.070 suspeitos.<\/p>\n<p><strong>\u00a0<\/strong><\/p>\n","protected":false},"excerpt":{"rendered":"<p>Na quarta-feira (2), o grupo de pesquisadores da Universidade Federal de Juiz de Fora (UFJF) apresentou o quarto boletim semanal, referente aos casos confirmados de Coronav\u00edrus no munic\u00edpio. Os dados apontam queda da taxa de crescimento dos casos confirmados, mas segundo os pesquisadores, a curva continua crescendo devido ao aumento de casos no munic\u00edpio. O [&hellip;]<\/p>\n","protected":false},"author":96,"featured_media":161754,"comment_status":"closed","ping_status":"closed","sticky":false,"template":"","format":"standard","meta":{"footnotes":""},"categories":[253,436,440,439],"tags":[],"class_list":["post-161753","post","type-post","status-publish","format-standard","has-post-thumbnail","hentry","category-cidade","category-destaque-da-semana","category-destaques-do-dia","category-ultima-hora"],"_links":{"self":[{"href":"https:\/\/diarioregionaldigital.com.br\/index.php?rest_route=\/wp\/v2\/posts\/161753","targetHints":{"allow":["GET"]}}],"collection":[{"href":"https:\/\/diarioregionaldigital.com.br\/index.php?rest_route=\/wp\/v2\/posts"}],"about":[{"href":"https:\/\/diarioregionaldigital.com.br\/index.php?rest_route=\/wp\/v2\/types\/post"}],"author":[{"embeddable":true,"href":"https:\/\/diarioregionaldigital.com.br\/index.php?rest_route=\/wp\/v2\/users\/96"}],"replies":[{"embeddable":true,"href":"https:\/\/diarioregionaldigital.com.br\/index.php?rest_route=%2Fwp%2Fv2%2Fcomments&post=161753"}],"version-history":[{"count":0,"href":"https:\/\/diarioregionaldigital.com.br\/index.php?rest_route=\/wp\/v2\/posts\/161753\/revisions"}],"wp:featuredmedia":[{"embeddable":true,"href":"https:\/\/diarioregionaldigital.com.br\/index.php?rest_route=\/wp\/v2\/media\/161754"}],"wp:attachment":[{"href":"https:\/\/diarioregionaldigital.com.br\/index.php?rest_route=%2Fwp%2Fv2%2Fmedia&parent=161753"}],"wp:term":[{"taxonomy":"category","embeddable":true,"href":"https:\/\/diarioregionaldigital.com.br\/index.php?rest_route=%2Fwp%2Fv2%2Fcategories&post=161753"},{"taxonomy":"post_tag","embeddable":true,"href":"https:\/\/diarioregionaldigital.com.br\/index.php?rest_route=%2Fwp%2Fv2%2Ftags&post=161753"}],"curies":[{"name":"wp","href":"https:\/\/api.w.org\/{rel}","templated":true}]}}