{"id":161748,"date":"2020-06-04T17:40:44","date_gmt":"2020-06-04T20:40:44","guid":{"rendered":"https:\/\/diarioregionaldigital.com.br\/?p=161748"},"modified":"2020-06-04T17:40:44","modified_gmt":"2020-06-04T20:40:44","slug":"thiago-silva-e-filipe-luis-recebem-replica-da-taca-da-copa-america","status":"publish","type":"post","link":"https:\/\/diarioregionaldigital.com.br\/?p=161748","title":{"rendered":"Thiago Silva e Filipe Luis recebem r\u00e9plica da ta\u00e7a da Copa Am\u00e9rica"},"content":{"rendered":"<p><span style=\"font-weight: 400;\">O presidente da Confedera\u00e7\u00e3o Brasileira de Futebol (CBF), Rog\u00e9rio Caboclo, entregou nessa quinta-feira (4), duas r\u00e9plicas da ta\u00e7a da Copa Am\u00e9rica de 2019, vencida pelo Brasil, uma para o zagueiro Thiago Silva e a outra para o lateral-esquerdo Filipe Luis.\u00a0<\/span><\/p>\n<p><span style=\"font-weight: 400;\">O ato marca uma homenagem da CBF a todos os campe\u00f5es da competi\u00e7\u00e3o sediada em solo brasileiro. Todos os jogadores e membros da comiss\u00e3o t\u00e9cnica receber\u00e3o a r\u00e9plica do trof\u00e9u nos pr\u00f3ximos dias em comemora\u00e7\u00e3o a um ano da conquista.\u00a0<\/span><\/p>\n<p><span style=\"font-weight: 400;\">Thiago Silva relembrou a dificuldade da Sele\u00e7\u00e3o na estreia contra a Bol\u00edvia, no dia 14 de junho, no Morumbi, em S\u00e3o Paulo:<\/span><\/p>\n<p><span style=\"font-weight: 400;\">\u201cA estreia foi marcante para mim. Todo mundo nervoso para estrear bem. Primeiro tempo muito dif\u00edcil e depois nos soltamos mais. A lembran\u00e7a \u00e9 essa do Morumbi lotado e com aquela festa pela estreia\u201d.<\/span><\/p>\n<p><span style=\"font-weight: 400;\">O lateral-esquerdo Filipe Luis relembrou as dificuldades contra o Paraguai e a emo\u00e7\u00e3o de chegar ao Maracan\u00e3 para a grande final:<\/span><\/p>\n<p><span style=\"font-weight: 400;\">\u201cFoi tudo muito especial. Aquela disputa de p\u00eanaltis contra o Paraguai foi marcante por ter sido eliminado em 2015 na Copa Am\u00e9rica do Chile. Depois me lembro muito da emo\u00e7\u00e3o de disputar a final no Maracan\u00e3, sent\u00edamos que est\u00e1vamos perto de uma conquista que muita gente n\u00e3o valoriza, mas temos que dar valor\u201d.<\/span><\/p>\n<p><b>Campanha do Brasil\u00a0<\/b><\/p>\n<p><span style=\"font-weight: 400;\">Durante a campanha na Copa Am\u00e9rica 2019, o Brasil somou\u00a0 quatro vit\u00f3rias e dois empates em seis jogos disputados. Na primeira rodada venceu a Bol\u00edvia por 3&#215;0, no Est\u00e1dio do Morumbi em S\u00e3o Paulo. Na segunda rodada empatou em 0x0 com a Venezuela na Arena Fonte Nova em Salvador e para fechar a fase de grupos, goleou o Peru por 5&#215;0 na Arena Corinthians em S\u00e3o Paulo.<\/span><\/p>\n<p><span style=\"font-weight: 400;\">Nas quartas de final enfrentou o Paraguai e ap\u00f3s empate sem gols no tempo normal, a sele\u00e7\u00e3o brasileira levou a melhor na disputa de p\u00eanaltis.<\/span><\/p>\n<p><span style=\"font-weight: 400;\">J\u00e1 na semifinal, teve cl\u00e1ssico contra a Argentina de Lionel Messi e o time comandado por Tite levou a melhor sobre a <\/span><i><span style=\"font-weight: 400;\">albiceleste <\/span><\/i><span style=\"font-weight: 400;\">no Est\u00e1dio do Mineir\u00e3o em Belo Horizonte<\/span><i><span style=\"font-weight: 400;\">. <\/span><\/i><span style=\"font-weight: 400;\">J\u00e1 na grande final, os brasileiros venceram o Peru por 3&#215;1 e conquistou seu nono t\u00edtulo de Copa Am\u00e9rica.<\/span><\/p>\n<p>&nbsp;<\/p>\n<p>&nbsp;<\/p>\n<p>&nbsp;<\/p>\n","protected":false},"excerpt":{"rendered":"<p>O presidente da Confedera\u00e7\u00e3o Brasileira de Futebol (CBF), Rog\u00e9rio Caboclo, entregou nessa quinta-feira (4), duas r\u00e9plicas da ta\u00e7a da Copa Am\u00e9rica de 2019, vencida pelo Brasil, uma para o zagueiro Thiago Silva e a outra para o lateral-esquerdo Filipe Luis.\u00a0 O ato marca uma homenagem da CBF a todos os campe\u00f5es da competi\u00e7\u00e3o sediada em [&hellip;]<\/p>\n","protected":false},"author":96,"featured_media":161749,"comment_status":"closed","ping_status":"closed","sticky":false,"template":"","format":"standard","meta":{"footnotes":""},"categories":[436,257,439],"tags":[],"class_list":["post-161748","post","type-post","status-publish","format-standard","has-post-thumbnail","hentry","category-destaque-da-semana","category-esporte","category-ultima-hora"],"_links":{"self":[{"href":"https:\/\/diarioregionaldigital.com.br\/index.php?rest_route=\/wp\/v2\/posts\/161748","targetHints":{"allow":["GET"]}}],"collection":[{"href":"https:\/\/diarioregionaldigital.com.br\/index.php?rest_route=\/wp\/v2\/posts"}],"about":[{"href":"https:\/\/diarioregionaldigital.com.br\/index.php?rest_route=\/wp\/v2\/types\/post"}],"author":[{"embeddable":true,"href":"https:\/\/diarioregionaldigital.com.br\/index.php?rest_route=\/wp\/v2\/users\/96"}],"replies":[{"embeddable":true,"href":"https:\/\/diarioregionaldigital.com.br\/index.php?rest_route=%2Fwp%2Fv2%2Fcomments&post=161748"}],"version-history":[{"count":0,"href":"https:\/\/diarioregionaldigital.com.br\/index.php?rest_route=\/wp\/v2\/posts\/161748\/revisions"}],"wp:featuredmedia":[{"embeddable":true,"href":"https:\/\/diarioregionaldigital.com.br\/index.php?rest_route=\/wp\/v2\/media\/161749"}],"wp:attachment":[{"href":"https:\/\/diarioregionaldigital.com.br\/index.php?rest_route=%2Fwp%2Fv2%2Fmedia&parent=161748"}],"wp:term":[{"taxonomy":"category","embeddable":true,"href":"https:\/\/diarioregionaldigital.com.br\/index.php?rest_route=%2Fwp%2Fv2%2Fcategories&post=161748"},{"taxonomy":"post_tag","embeddable":true,"href":"https:\/\/diarioregionaldigital.com.br\/index.php?rest_route=%2Fwp%2Fv2%2Ftags&post=161748"}],"curies":[{"name":"wp","href":"https:\/\/api.w.org\/{rel}","templated":true}]}}