{"id":161745,"date":"2020-06-04T17:23:32","date_gmt":"2020-06-04T20:23:32","guid":{"rendered":"https:\/\/diarioregionaldigital.com.br\/?p=161745"},"modified":"2020-06-04T17:23:32","modified_gmt":"2020-06-04T20:23:32","slug":"fiscalizacao-e-tema-da-comissao-de-enfrentamento-a-covid-19","status":"publish","type":"post","link":"https:\/\/diarioregionaldigital.com.br\/?p=161745","title":{"rendered":"Fiscaliza\u00e7\u00e3o \u00e9 tema da Comiss\u00e3o de Enfrentamento \u00e0 COVID-19"},"content":{"rendered":"<p><span style=\"font-weight: 400;\">A Comiss\u00e3o de Enfrentamento \u00e0 COVID-19 realizou uma reuni\u00e3o para saber quais a\u00e7\u00f5es est\u00e3o sendo desenvolvidas por cada \u00f3rg\u00e3o diante da pandemia do novo Coronav\u00edrus e a\u00e7\u00f5es conjuntas. Estiveram presentes os vereadores componentes da comiss\u00e3o Juraci Scheffer (PT), Vagner de Oliveira (PSB), Marlon Siqueira (PP), Z\u00e9 M\u00e1rcio (PV), Sargento Melo Casal (PTB); o secret\u00e1rio de Atividades de Urbanas, Luiz Cla\u00fadio; da Fazenda, F\u00falvio Albertoni; de Seguran\u00e7a Urbana e Cidadania, Jos\u00e9 S\u00f3ter de Figueir\u00f4a; al\u00e9m da Gerente do Departamento de Fiscaliza\u00e7\u00e3o da Semaur, Graciela Marques; do diretor da base sindical, Weber Vagner; do presidente dos fiscais de postura, Randolfo Medeiros; da comandante da Corpora\u00e7\u00e3o da Guarda Municipal, Emilce Castro; e o presidente da Associa\u00e7\u00e3o, Cristian Nunes de Moraes.<\/span><\/p>\n<p><span style=\"font-weight: 400;\">O vereador Z\u00e9 M\u00e1rcio &#8211; Garotinho salientou que a Comiss\u00e3o tem feito diversas reuni\u00f5es para tratar da economia e da retomada do desenvolvimento econ\u00f4mico\u00a0 da cidade. A princ\u00edpio Garotinho comentou como tem sido a atua\u00e7\u00e3o dos segmentos da Guarda Municipal, dos fiscais de postura e dos agentes de tr\u00e2nsito. O parlamentar ainda\u00a0 levantou a quest\u00e3o da atua\u00e7\u00e3o da Pol\u00edcia Militar na manifesta\u00e7\u00e3o dos funcion\u00e1rios da Havan nas ruas da cidade.\u00a0<\/span><\/p>\n<p><span style=\"font-weight: 400;\">O presidente dos fiscais de postura, Randolfo Medeiros, contou as dificuldades que os profissionais v\u00eam enfrentando com a aus\u00eancia do efetivo da Pol\u00edcia Militar de Minas Gerais (PMMG) para agir quando h\u00e1 o descumprimento do decreto, al\u00e9m do n\u00famero baixo de fiscais de postura para toda a cidade de Juiz de Fora. Randolfo salientou que cada fiscal conta profundamente com cada agente da Guarda Municipal: \u201cnunca nos faltou suporte da GM\u201d, disse Randolfo, enfatizando que o que acontece \u00e9 a falta de restri\u00e7\u00e3o geogr\u00e1fica e de aprofundamento, ou seja, alguns lugares da cidade t\u00eam um potencial de risco maior quando os fiscais tentam garantir a aplica\u00e7\u00e3o do decreto municipal. Randolfo ressaltou que \u201cA Guarda Municipal nunca nos poupou do seu suporte. Mas sentimos falta de uma estrutura, de uma estrat\u00e9gia realmente trabalhada que pudesse cumprir todos os requisitos da fiscaliza\u00e7\u00e3o em todas as \u00e1reas do munic\u00edpio\u201d. Ele disse que h\u00e1 uma restri\u00e7\u00e3o geogr\u00e1fica, de aprofundamento, pois determinadas abordagens da fiscaliza\u00e7\u00e3o s\u00e3o de elevado risco potencial de agressividade, inclusive f\u00edsica. \u201cCont\u00e1vamos com a parceria da PM e conseguimos fechar 142 bares que estavam funcionando de forma irregular. Mas a PM comunicou que se retirava desse apoio estrat\u00e9gico\u201d, disse Randolfo enfatizando que alguns bairros da cidade s\u00e3o considerados de risco e \u00e9 necess\u00e1rio o apoio t\u00e1tico da PM para atuarem, pois a GM n\u00e3o tem o recurso das armas de fogo para prote\u00e7\u00e3o dos fiscais. \u201cN\u00e3o queremos confronto e sim articula\u00e7\u00e3o. Tem mais o m\u00eas de junho na mesma onda, ainda h\u00e1 resist\u00eancia. N\u00e3o conseguimos fechar. Se quisermos combater a COVID-19 temos que trabalhar de forma articulada\u201d.\u00a0<\/span><\/p>\n<p><span style=\"font-weight: 400;\">\u201cA arma faz falta e o munic\u00edpio precisa se preparar para este momento. Hoje, o munic\u00edpio era para estar trabalhando com suas pr\u00f3prias pernas, sem depender do estado, e o estado n\u00e3o se faz presente\u201d, disse o vereador Sargento Mello sobre a Guarda Municipal ir a lugares com potencial de risco juntamente com os fiscais de postura. Mello ainda lamentou a falta de um representante da PM na reuni\u00e3o e disse que ir\u00e1 averiguar a falta do \u00f3rg\u00e3o no compromisso.\u00a0<\/span><\/p>\n<p><span style=\"font-weight: 400;\">O Secret\u00e1rio de Planejamento e Desenvolvimento Econ\u00f4mico, Luiz Carlos, disse que recebeu o comunicado da retirada do apoio da PM durante a fiscaliza\u00e7\u00e3o. \u201cRecebemos o comunicado dizendo que a PMiria retirar o apoio do final de semana. Mas como iremos fiscalizar bares, sem o apoio da Pol\u00edcia?\u201d, disse o secret\u00e1rio, que encaminhou \u00e0 Pol\u00edcia um pedido para o retorno do apoio. Sobre a loja Havan, o secret\u00e1rio disse que a mesma foi interditada pois estava funcionando com todos os CNAES, sendo-lhe permitido apenas 4 deles. Ele afirmou ainda que a opera\u00e7\u00e3o s\u00f3 teve \u00eaxito ap\u00f3s a GM enviar 20 guardas para que os fiscais pudessem atuar. \u201cPrecisamos trabalhar e trazer a PM para o nosso lado. Tenho certeza de que vamos achar um denominador comum para que todos trabalhem em benef\u00edcio das comunidades\u201d.<\/span><\/p>\n<p><span style=\"font-weight: 400;\">A comandante da GM Emilce Castro disse que continua dando apoio a todas as secretarias e est\u00e1 dividindo ainda mais as a\u00e7\u00f5es de seguran\u00e7a de forma integrada.\u00a0<\/span><\/p>\n<p><span style=\"font-weight: 400;\">O secret\u00e1rio de Seguran\u00e7a Urbana e Cidadania, Jos\u00e9 S\u00f3ter de Figueir\u00f4a, disse que a GM tem hoje 114 servidores e desses 93 est\u00e3o na ativa e 21 afastados. Durante sua fala, Figueroa apresentou onde cada Guarda trabalha diariamente. \u201cFazemos v\u00e1rios esfor\u00e7os para atender a todos os setores\u201d e disse ainda que \u201cestamos em processo de amadurecimento e convencimento, mas consta no nosso plano de a\u00e7\u00e3o que eles fa\u00e7am o uso da arma letal\u201d, disse.<\/span><\/p>\n<p><span style=\"font-weight: 400;\">Nas considera\u00e7\u00f5es finais o vereador Z\u00e9 M\u00e1rcio lamentou a aus\u00eancia da Pol\u00edcia Militar na reuni\u00e3o e refor\u00e7ou a prerrogativa da aplica\u00e7\u00e3o do decreto municipal ter se estendido aos fiscais de postura, aos agentes de tr\u00e2nsito e \u00e0 Guarda Municipal. Em resposta ao vereador, o secret\u00e1rio disse que as atribui\u00e7\u00f5es se estendem aos guarda e aos agentes de fiscaliza\u00e7\u00e3o. \u201cEles podem autuar, notificar, al\u00e9m de notificar isoladamente\u201d. O secret\u00e1rio salientou ainda que ir\u00e1 suspender as f\u00e9rias de todos os GM, para haver maior efetivo nas ruas.<\/span><\/p>\n<p><span style=\"font-weight: 400;\">O vereador Marlon Siqueira pontuou que \u00e9 interessante que a Prefeitura fa\u00e7a uma comiss\u00e3o interna para tratar do alinhamento na interlocu\u00e7\u00e3o do estado entre as pol\u00edcias civis e militares para que deem apoio aos \u00f3rg\u00e3os municipais. \u201cPrecisa haver alinhamento entre esses \u00f3rg\u00e3os e\u00a0 as for\u00e7as de seguran\u00e7a para atingir esse objetivo de uma fiscaliza\u00e7\u00e3o justa e correta&#8221;.<\/span><\/p>\n<p><span style=\"font-weight: 400;\">O vereador Sargento Melo Casal disse que \u00e9 importante que todos os agentes tenham isonomia e que n\u00e3o haja diferencia\u00e7\u00e3o entre os agentes de fiscaliza\u00e7\u00e3o.\u00a0<\/span><\/p>\n<p><strong>Fonte:<\/strong> Assessoria<\/p>\n","protected":false},"excerpt":{"rendered":"<p>A Comiss\u00e3o de Enfrentamento \u00e0 COVID-19 realizou uma reuni\u00e3o para saber quais a\u00e7\u00f5es est\u00e3o sendo desenvolvidas por cada \u00f3rg\u00e3o diante da pandemia do novo Coronav\u00edrus e a\u00e7\u00f5es conjuntas. Estiveram presentes os vereadores componentes da comiss\u00e3o Juraci Scheffer (PT), Vagner de Oliveira (PSB), Marlon Siqueira (PP), Z\u00e9 M\u00e1rcio (PV), Sargento Melo Casal (PTB); o secret\u00e1rio de [&hellip;]<\/p>\n","protected":false},"author":96,"featured_media":161746,"comment_status":"closed","ping_status":"closed","sticky":false,"template":"","format":"standard","meta":{"footnotes":""},"categories":[436,254,439],"tags":[],"class_list":["post-161745","post","type-post","status-publish","format-standard","has-post-thumbnail","hentry","category-destaque-da-semana","category-politica","category-ultima-hora"],"_links":{"self":[{"href":"https:\/\/diarioregionaldigital.com.br\/index.php?rest_route=\/wp\/v2\/posts\/161745","targetHints":{"allow":["GET"]}}],"collection":[{"href":"https:\/\/diarioregionaldigital.com.br\/index.php?rest_route=\/wp\/v2\/posts"}],"about":[{"href":"https:\/\/diarioregionaldigital.com.br\/index.php?rest_route=\/wp\/v2\/types\/post"}],"author":[{"embeddable":true,"href":"https:\/\/diarioregionaldigital.com.br\/index.php?rest_route=\/wp\/v2\/users\/96"}],"replies":[{"embeddable":true,"href":"https:\/\/diarioregionaldigital.com.br\/index.php?rest_route=%2Fwp%2Fv2%2Fcomments&post=161745"}],"version-history":[{"count":0,"href":"https:\/\/diarioregionaldigital.com.br\/index.php?rest_route=\/wp\/v2\/posts\/161745\/revisions"}],"wp:featuredmedia":[{"embeddable":true,"href":"https:\/\/diarioregionaldigital.com.br\/index.php?rest_route=\/wp\/v2\/media\/161746"}],"wp:attachment":[{"href":"https:\/\/diarioregionaldigital.com.br\/index.php?rest_route=%2Fwp%2Fv2%2Fmedia&parent=161745"}],"wp:term":[{"taxonomy":"category","embeddable":true,"href":"https:\/\/diarioregionaldigital.com.br\/index.php?rest_route=%2Fwp%2Fv2%2Fcategories&post=161745"},{"taxonomy":"post_tag","embeddable":true,"href":"https:\/\/diarioregionaldigital.com.br\/index.php?rest_route=%2Fwp%2Fv2%2Ftags&post=161745"}],"curies":[{"name":"wp","href":"https:\/\/api.w.org\/{rel}","templated":true}]}}