{"id":161739,"date":"2020-06-04T16:49:14","date_gmt":"2020-06-04T19:49:14","guid":{"rendered":"https:\/\/diarioregionaldigital.com.br\/?p=161739"},"modified":"2020-06-04T16:49:14","modified_gmt":"2020-06-04T19:49:14","slug":"world-athletics-ratifica-criterios-de-qualificacao-para-os-jogos-olimpicos-de-toquio","status":"publish","type":"post","link":"https:\/\/diarioregionaldigital.com.br\/?p=161739","title":{"rendered":"World Athletics ratifica crit\u00e9rios de qualifica\u00e7\u00e3o para os Jogos Ol\u00edmpicos de T\u00f3quio"},"content":{"rendered":"<p><span style=\"font-weight: 400;\">Depois de consultar as 214 federa\u00e7\u00f5es filiadas, a World Athletics (ex-IAAF) apresentou, na quarta-feira (3), em M\u00f4naco, o plano estrat\u00e9gico da entidade para os pr\u00f3ximos quatro anos e confirmou os crit\u00e9rios de qualifica\u00e7\u00e3o para os Jogos Ol\u00edmpicos de T\u00f3quio, que ser\u00e3o disputados em julho e agosto de 2021.<\/span><\/p>\n<p><span style=\"font-weight: 400;\">A World Athletics ratificou que os \u00edndices exigidos continuam inalterados e os atletas j\u00e1 qualificados desde 2019 mant\u00eam essa condi\u00e7\u00e3o, apesar do adiamento da Olimp\u00edada. O per\u00edodo de obten\u00e7\u00e3o das marcas m\u00ednimas continua suspenso de 6 de abril at\u00e9 30 de novembro.<\/span><\/p>\n<p><span style=\"font-weight: 400;\">Desta forma, os atletas de todas as especialidades do atletismo poder\u00e3o buscar \u00edndices novamente a partir de 1\u00ba de dezembro. Os prazos para a maratona e marcha atl\u00e9tica 50km v\u00e3o at\u00e9 31 de maio de 2021 e, para as demais provas, os atletas t\u00eam at\u00e9 29 de junho de 2021. A Olimp\u00edada ser\u00e1 disputada de 23 de julho a 8 de agosto e cada pa\u00eds pode ter no m\u00e1ximo tr\u00eas representantes por prova.<\/span><\/p>\n<p><span style=\"font-weight: 400;\">No caso dos revezamentos, os qualificados no Mundial de Doha mant\u00eam a vaga. J\u00e1 as oito equipes mais bem classificadas no Mundial de Revezamentos Silesia 2021, na Pol\u00f4nia, marcado para os dias 1 e 2 de maio, tamb\u00e9m estar\u00e3o qualificados.<\/span><\/p>\n<p>&nbsp;<\/p>\n<p><strong>Fonte:<\/strong> Assessoria<\/p>\n","protected":false},"excerpt":{"rendered":"<p>Depois de consultar as 214 federa\u00e7\u00f5es filiadas, a World Athletics (ex-IAAF) apresentou, na quarta-feira (3), em M\u00f4naco, o plano estrat\u00e9gico da entidade para os pr\u00f3ximos quatro anos e confirmou os crit\u00e9rios de qualifica\u00e7\u00e3o para os Jogos Ol\u00edmpicos de T\u00f3quio, que ser\u00e3o disputados em julho e agosto de 2021. A World Athletics ratificou que os \u00edndices [&hellip;]<\/p>\n","protected":false},"author":96,"featured_media":161740,"comment_status":"closed","ping_status":"closed","sticky":false,"template":"","format":"standard","meta":{"footnotes":""},"categories":[436,257,439],"tags":[],"class_list":["post-161739","post","type-post","status-publish","format-standard","has-post-thumbnail","hentry","category-destaque-da-semana","category-esporte","category-ultima-hora"],"_links":{"self":[{"href":"https:\/\/diarioregionaldigital.com.br\/index.php?rest_route=\/wp\/v2\/posts\/161739","targetHints":{"allow":["GET"]}}],"collection":[{"href":"https:\/\/diarioregionaldigital.com.br\/index.php?rest_route=\/wp\/v2\/posts"}],"about":[{"href":"https:\/\/diarioregionaldigital.com.br\/index.php?rest_route=\/wp\/v2\/types\/post"}],"author":[{"embeddable":true,"href":"https:\/\/diarioregionaldigital.com.br\/index.php?rest_route=\/wp\/v2\/users\/96"}],"replies":[{"embeddable":true,"href":"https:\/\/diarioregionaldigital.com.br\/index.php?rest_route=%2Fwp%2Fv2%2Fcomments&post=161739"}],"version-history":[{"count":0,"href":"https:\/\/diarioregionaldigital.com.br\/index.php?rest_route=\/wp\/v2\/posts\/161739\/revisions"}],"wp:featuredmedia":[{"embeddable":true,"href":"https:\/\/diarioregionaldigital.com.br\/index.php?rest_route=\/wp\/v2\/media\/161740"}],"wp:attachment":[{"href":"https:\/\/diarioregionaldigital.com.br\/index.php?rest_route=%2Fwp%2Fv2%2Fmedia&parent=161739"}],"wp:term":[{"taxonomy":"category","embeddable":true,"href":"https:\/\/diarioregionaldigital.com.br\/index.php?rest_route=%2Fwp%2Fv2%2Fcategories&post=161739"},{"taxonomy":"post_tag","embeddable":true,"href":"https:\/\/diarioregionaldigital.com.br\/index.php?rest_route=%2Fwp%2Fv2%2Ftags&post=161739"}],"curies":[{"name":"wp","href":"https:\/\/api.w.org\/{rel}","templated":true}]}}