{"id":161713,"date":"2020-06-04T11:42:48","date_gmt":"2020-06-04T14:42:48","guid":{"rendered":"https:\/\/diarioregionaldigital.com.br\/?p=161713"},"modified":"2020-06-04T11:42:48","modified_gmt":"2020-06-04T14:42:48","slug":"pm-recupera-veiculo-oriundo-de-furto","status":"publish","type":"post","link":"https:\/\/diarioregionaldigital.com.br\/?p=161713","title":{"rendered":"PM recupera ve\u00edculo oriundo de furto"},"content":{"rendered":"<p>A Pol\u00edcia Militar (PM) recebeu informa\u00e7\u00f5es acerca de dois ve\u00edculos que sa\u00edram da cidade de Muria\u00e9 e chegariam a Juiz de Fora na madrugada desta quinta-feira (4). Segundo informa\u00e7\u00f5es, um dos ve\u00edculos \u00e9 de cor branca e o outro de cor cinza, este oriundo de furto ocorrido no dia 1\u00ba deste m\u00eas na cidade de Pira\u00faba. Com informa\u00e7\u00f5es em m\u00e3os, os policiais realizaram cerco e avistaram os ve\u00edculos entrando no Bairro Santo Ant\u00f4nio (Regi\u00e3o Leste). Diante disso, os policiais acompanharam os suspeitos.<\/p>\n<p>Instantes depois os autores foram abordados e um deles relatou \u00e0 PM que estava sendo pago para entregar tais ve\u00edculos. Segundo a PM, os autores presos s\u00e3o uma adolescente de 12 anos, dois jovens de 19 e 29 anos e um idoso de 69 anos. Todos foram presos em flagrante e conduzidos para a Delegacia.<\/p>\n","protected":false},"excerpt":{"rendered":"<p>A Pol\u00edcia Militar (PM) recebeu informa\u00e7\u00f5es acerca de dois ve\u00edculos que sa\u00edram da cidade de Muria\u00e9 e chegariam a Juiz de Fora na madrugada desta quinta-feira (4). Segundo informa\u00e7\u00f5es, um dos ve\u00edculos \u00e9 de cor branca e o outro de cor cinza, este oriundo de furto ocorrido no dia 1\u00ba deste m\u00eas na cidade de [&hellip;]<\/p>\n","protected":false},"author":96,"featured_media":161269,"comment_status":"closed","ping_status":"closed","sticky":false,"template":"","format":"standard","meta":{"footnotes":""},"categories":[301,436,439],"tags":[],"class_list":["post-161713","post","type-post","status-publish","format-standard","has-post-thumbnail","hentry","category-artigos-policiais","category-destaque-da-semana","category-ultima-hora"],"_links":{"self":[{"href":"https:\/\/diarioregionaldigital.com.br\/index.php?rest_route=\/wp\/v2\/posts\/161713","targetHints":{"allow":["GET"]}}],"collection":[{"href":"https:\/\/diarioregionaldigital.com.br\/index.php?rest_route=\/wp\/v2\/posts"}],"about":[{"href":"https:\/\/diarioregionaldigital.com.br\/index.php?rest_route=\/wp\/v2\/types\/post"}],"author":[{"embeddable":true,"href":"https:\/\/diarioregionaldigital.com.br\/index.php?rest_route=\/wp\/v2\/users\/96"}],"replies":[{"embeddable":true,"href":"https:\/\/diarioregionaldigital.com.br\/index.php?rest_route=%2Fwp%2Fv2%2Fcomments&post=161713"}],"version-history":[{"count":0,"href":"https:\/\/diarioregionaldigital.com.br\/index.php?rest_route=\/wp\/v2\/posts\/161713\/revisions"}],"wp:featuredmedia":[{"embeddable":true,"href":"https:\/\/diarioregionaldigital.com.br\/index.php?rest_route=\/wp\/v2\/media\/161269"}],"wp:attachment":[{"href":"https:\/\/diarioregionaldigital.com.br\/index.php?rest_route=%2Fwp%2Fv2%2Fmedia&parent=161713"}],"wp:term":[{"taxonomy":"category","embeddable":true,"href":"https:\/\/diarioregionaldigital.com.br\/index.php?rest_route=%2Fwp%2Fv2%2Fcategories&post=161713"},{"taxonomy":"post_tag","embeddable":true,"href":"https:\/\/diarioregionaldigital.com.br\/index.php?rest_route=%2Fwp%2Fv2%2Ftags&post=161713"}],"curies":[{"name":"wp","href":"https:\/\/api.w.org\/{rel}","templated":true}]}}