{"id":161711,"date":"2020-06-04T11:34:10","date_gmt":"2020-06-04T14:34:10","guid":{"rendered":"https:\/\/diarioregionaldigital.com.br\/?p=161711"},"modified":"2020-06-04T11:43:17","modified_gmt":"2020-06-04T14:43:17","slug":"jovem-e-pego-com-70-papelotes-de-cocaina-no-vila-ideal","status":"publish","type":"post","link":"https:\/\/diarioregionaldigital.com.br\/?p=161711","title":{"rendered":"Jovem \u00e9 pego com 70 papelotes de coca\u00edna no Vila Ideal"},"content":{"rendered":"<p>A Pol\u00edcia Militar (PM), realizava um patrulhamento pelo Bairro Vila Ideal (Regi\u00e3o Leste), quando em um determinado momento se deparou com um indiv\u00edduo de 21 anos, em atitude suspeita. Os policiais abordaram o autor, e durante buscas pessoais, foram encontrados 70 papelotes de subst\u00e2ncia an\u00e1loga a coca\u00edna. Autor disse que o material seria vendido, para conseguir dinheiro, se negando a fornecer maiores detalhes. Autor preso e encaminhado \u00e0 Delegacia para devidas provid\u00eancias.<\/p>\n","protected":false},"excerpt":{"rendered":"<p>A Pol\u00edcia Militar (PM), realizava um patrulhamento pelo Bairro Vila Ideal (Regi\u00e3o Leste), quando em um determinado momento se deparou com um indiv\u00edduo de 21 anos, em atitude suspeita. Os policiais abordaram o autor, e durante buscas pessoais, foram encontrados 70 papelotes de subst\u00e2ncia an\u00e1loga a coca\u00edna. Autor disse que o material seria vendido, para [&hellip;]<\/p>\n","protected":false},"author":96,"featured_media":161269,"comment_status":"closed","ping_status":"closed","sticky":false,"template":"","format":"standard","meta":{"footnotes":""},"categories":[301,436,439],"tags":[],"class_list":["post-161711","post","type-post","status-publish","format-standard","has-post-thumbnail","hentry","category-artigos-policiais","category-destaque-da-semana","category-ultima-hora"],"_links":{"self":[{"href":"https:\/\/diarioregionaldigital.com.br\/index.php?rest_route=\/wp\/v2\/posts\/161711","targetHints":{"allow":["GET"]}}],"collection":[{"href":"https:\/\/diarioregionaldigital.com.br\/index.php?rest_route=\/wp\/v2\/posts"}],"about":[{"href":"https:\/\/diarioregionaldigital.com.br\/index.php?rest_route=\/wp\/v2\/types\/post"}],"author":[{"embeddable":true,"href":"https:\/\/diarioregionaldigital.com.br\/index.php?rest_route=\/wp\/v2\/users\/96"}],"replies":[{"embeddable":true,"href":"https:\/\/diarioregionaldigital.com.br\/index.php?rest_route=%2Fwp%2Fv2%2Fcomments&post=161711"}],"version-history":[{"count":0,"href":"https:\/\/diarioregionaldigital.com.br\/index.php?rest_route=\/wp\/v2\/posts\/161711\/revisions"}],"wp:featuredmedia":[{"embeddable":true,"href":"https:\/\/diarioregionaldigital.com.br\/index.php?rest_route=\/wp\/v2\/media\/161269"}],"wp:attachment":[{"href":"https:\/\/diarioregionaldigital.com.br\/index.php?rest_route=%2Fwp%2Fv2%2Fmedia&parent=161711"}],"wp:term":[{"taxonomy":"category","embeddable":true,"href":"https:\/\/diarioregionaldigital.com.br\/index.php?rest_route=%2Fwp%2Fv2%2Fcategories&post=161711"},{"taxonomy":"post_tag","embeddable":true,"href":"https:\/\/diarioregionaldigital.com.br\/index.php?rest_route=%2Fwp%2Fv2%2Ftags&post=161711"}],"curies":[{"name":"wp","href":"https:\/\/api.w.org\/{rel}","templated":true}]}}