{"id":161709,"date":"2020-06-04T11:29:31","date_gmt":"2020-06-04T14:29:31","guid":{"rendered":"https:\/\/diarioregionaldigital.com.br\/?p=161709"},"modified":"2020-06-04T13:33:56","modified_gmt":"2020-06-04T16:33:56","slug":"assaltante-golpeia-vitima-na-cabeca-durante-assalto-no-vitorino-braga","status":"publish","type":"post","link":"https:\/\/diarioregionaldigital.com.br\/?p=161709","title":{"rendered":"Assaltante golpeia mulher na cabe\u00e7a durante assalto no Vitorino Braga"},"content":{"rendered":"<p>Uma mulher de 45 anos, acompanhada de sua filha de 14, estavam aguardando a chegada de motorista de aplicativo, na Rua Baependi, na noite de quarta-feira (3) no Bairro Vitorino Braga (Regi\u00e3o Leste) em Juiz de Fora. A filha relatou \u00e0 Pol\u00edcia Militar (PM), que foi at\u00e9 a rua para conferir se o motorista estava chegando, quando neste exato momento a m\u00e3e foi surpreendida por um homem e foi atacada com golpes de arma branca na cabe\u00e7a e no rosto. Durante o crime, o infrator tentou pegar o celular da v\u00edtima mas sem \u00eaxito.<\/p>\n<p>Ao notar o fato, a filha come\u00e7ou a gritar e o suspeito fugiu do local, em dire\u00e7\u00e3o ao Bairro S\u00e3o Benedito ou Santa C\u00e2ndida. A v\u00edtima foi socorrida pelo SAMU e encaminhada para o Hospital Pronto Socorro (HPS). Ela foi atendida e os m\u00e9dicos constaram les\u00f5es no couro cabeludo e no costo, provocadas por instrumento cortante. A PM segue com o trabalho de rastreamento.<\/p>\n","protected":false},"excerpt":{"rendered":"<p>Uma mulher de 45 anos, acompanhada de sua filha de 14, estavam aguardando a chegada de motorista de aplicativo, na Rua Baependi, na noite de quarta-feira (3) no Bairro Vitorino Braga (Regi\u00e3o Leste) em Juiz de Fora. A filha relatou \u00e0 Pol\u00edcia Militar (PM), que foi at\u00e9 a rua para conferir se o motorista estava [&hellip;]<\/p>\n","protected":false},"author":96,"featured_media":161269,"comment_status":"closed","ping_status":"closed","sticky":false,"template":"","format":"standard","meta":{"footnotes":""},"categories":[301,436,440,439],"tags":[],"class_list":["post-161709","post","type-post","status-publish","format-standard","has-post-thumbnail","hentry","category-artigos-policiais","category-destaque-da-semana","category-destaques-do-dia","category-ultima-hora"],"_links":{"self":[{"href":"https:\/\/diarioregionaldigital.com.br\/index.php?rest_route=\/wp\/v2\/posts\/161709","targetHints":{"allow":["GET"]}}],"collection":[{"href":"https:\/\/diarioregionaldigital.com.br\/index.php?rest_route=\/wp\/v2\/posts"}],"about":[{"href":"https:\/\/diarioregionaldigital.com.br\/index.php?rest_route=\/wp\/v2\/types\/post"}],"author":[{"embeddable":true,"href":"https:\/\/diarioregionaldigital.com.br\/index.php?rest_route=\/wp\/v2\/users\/96"}],"replies":[{"embeddable":true,"href":"https:\/\/diarioregionaldigital.com.br\/index.php?rest_route=%2Fwp%2Fv2%2Fcomments&post=161709"}],"version-history":[{"count":0,"href":"https:\/\/diarioregionaldigital.com.br\/index.php?rest_route=\/wp\/v2\/posts\/161709\/revisions"}],"wp:featuredmedia":[{"embeddable":true,"href":"https:\/\/diarioregionaldigital.com.br\/index.php?rest_route=\/wp\/v2\/media\/161269"}],"wp:attachment":[{"href":"https:\/\/diarioregionaldigital.com.br\/index.php?rest_route=%2Fwp%2Fv2%2Fmedia&parent=161709"}],"wp:term":[{"taxonomy":"category","embeddable":true,"href":"https:\/\/diarioregionaldigital.com.br\/index.php?rest_route=%2Fwp%2Fv2%2Fcategories&post=161709"},{"taxonomy":"post_tag","embeddable":true,"href":"https:\/\/diarioregionaldigital.com.br\/index.php?rest_route=%2Fwp%2Fv2%2Ftags&post=161709"}],"curies":[{"name":"wp","href":"https:\/\/api.w.org\/{rel}","templated":true}]}}