{"id":161707,"date":"2020-06-04T11:20:40","date_gmt":"2020-06-04T14:20:40","guid":{"rendered":"https:\/\/diarioregionaldigital.com.br\/?p=161707"},"modified":"2020-06-04T11:44:16","modified_gmt":"2020-06-04T14:44:16","slug":"homem-e-encontrado-com-ferimento-no-pescoco","status":"publish","type":"post","link":"https:\/\/diarioregionaldigital.com.br\/?p=161707","title":{"rendered":"Homem \u00e9 encontrado com ferimento no pesco\u00e7o"},"content":{"rendered":"<p>A Pol\u00edcia Militar (PM) recebeu den\u00fancia de populares, sobre um homem de 36 anos, que estava ca\u00eddo pr\u00f3ximo \u00e0 rodovia BR-267, na noite de quarta-feira (3),no Bairro Floresta (Regi\u00e3o Sudeste) em Juiz de Fora. Os policiais se deslocaram ao local e o fato foi confirmado. Durante rastreamento, foi verificado que o homem estava ca\u00eddo e com um ferimento na regi\u00e3o do pesco\u00e7o. Pr\u00f3ximo a ele havia uma mochila de cor preta contendo diversos documentos.<\/p>\n<p>A guarni\u00e7\u00e3o tentou contato com a v\u00edtima, no entanto n\u00e3o deu reposta, logo em seguida foi verificado os sinais vitais e constatado que estava respirando por\u00e9m inconsciente. Em virtude da urg\u00eancia no atendimento, foi realizado o isolamento da les\u00e3o no pesco\u00e7o da v\u00edtima, sendo este socorrido pela viatura policial at\u00e9 o Hospital Pronto Socorro (HPS), j\u00e1 com o apoio da equipe do Samu que encontrou a viatura durante o percurso. V\u00edtima deu entrada na unidade hospitalar e foi encaminhada para o centro cir\u00fargico. Foi constatado pelo m\u00e9dico de plant\u00e3o que a v\u00edtima havia levado tr\u00eas golpes de objeto cortante na regi\u00e3o do pesco\u00e7o.<\/p>\n","protected":false},"excerpt":{"rendered":"<p>A Pol\u00edcia Militar (PM) recebeu den\u00fancia de populares, sobre um homem de 36 anos, que estava ca\u00eddo pr\u00f3ximo \u00e0 rodovia BR-267, na noite de quarta-feira (3),no Bairro Floresta (Regi\u00e3o Sudeste) em Juiz de Fora. Os policiais se deslocaram ao local e o fato foi confirmado. Durante rastreamento, foi verificado que o homem estava ca\u00eddo e [&hellip;]<\/p>\n","protected":false},"author":96,"featured_media":161269,"comment_status":"closed","ping_status":"closed","sticky":false,"template":"","format":"standard","meta":{"footnotes":""},"categories":[301,436,439],"tags":[],"class_list":["post-161707","post","type-post","status-publish","format-standard","has-post-thumbnail","hentry","category-artigos-policiais","category-destaque-da-semana","category-ultima-hora"],"_links":{"self":[{"href":"https:\/\/diarioregionaldigital.com.br\/index.php?rest_route=\/wp\/v2\/posts\/161707","targetHints":{"allow":["GET"]}}],"collection":[{"href":"https:\/\/diarioregionaldigital.com.br\/index.php?rest_route=\/wp\/v2\/posts"}],"about":[{"href":"https:\/\/diarioregionaldigital.com.br\/index.php?rest_route=\/wp\/v2\/types\/post"}],"author":[{"embeddable":true,"href":"https:\/\/diarioregionaldigital.com.br\/index.php?rest_route=\/wp\/v2\/users\/96"}],"replies":[{"embeddable":true,"href":"https:\/\/diarioregionaldigital.com.br\/index.php?rest_route=%2Fwp%2Fv2%2Fcomments&post=161707"}],"version-history":[{"count":0,"href":"https:\/\/diarioregionaldigital.com.br\/index.php?rest_route=\/wp\/v2\/posts\/161707\/revisions"}],"wp:featuredmedia":[{"embeddable":true,"href":"https:\/\/diarioregionaldigital.com.br\/index.php?rest_route=\/wp\/v2\/media\/161269"}],"wp:attachment":[{"href":"https:\/\/diarioregionaldigital.com.br\/index.php?rest_route=%2Fwp%2Fv2%2Fmedia&parent=161707"}],"wp:term":[{"taxonomy":"category","embeddable":true,"href":"https:\/\/diarioregionaldigital.com.br\/index.php?rest_route=%2Fwp%2Fv2%2Fcategories&post=161707"},{"taxonomy":"post_tag","embeddable":true,"href":"https:\/\/diarioregionaldigital.com.br\/index.php?rest_route=%2Fwp%2Fv2%2Ftags&post=161707"}],"curies":[{"name":"wp","href":"https:\/\/api.w.org\/{rel}","templated":true}]}}