{"id":161704,"date":"2020-06-04T11:02:58","date_gmt":"2020-06-04T14:02:58","guid":{"rendered":"https:\/\/diarioregionaldigital.com.br\/?p=161704"},"modified":"2020-06-04T11:02:58","modified_gmt":"2020-06-04T14:02:58","slug":"brasil-tem-46-milhoes-de-endividados-sem-capacidade-de-pagamento","status":"publish","type":"post","link":"https:\/\/diarioregionaldigital.com.br\/?p=161704","title":{"rendered":"Brasil tem 4,6 milh\u00f5es de endividados sem capacidade de pagamento"},"content":{"rendered":"<p><span style=\"font-weight: 400;\">Cerca de 4,6 milh\u00f5es de endividados no Brasil devem a institui\u00e7\u00f5es financeiras mais do que podem pagar. \u00c9 o chamado, pelo Banco Central (BC), de endividamento de risco, formado por casos em que h\u00e1 inadimpl\u00eancia, comprometimento de renda, empr\u00e9stimos em v\u00e1rias modalidades e renda abaixo da linha da pobreza.<\/span><\/p>\n<p><span style=\"font-weight: 400;\">No Brasil, a popula\u00e7\u00e3o com carteira de cr\u00e9dito ativa atingiu 85 milh\u00f5es de tomadores em dezembro de 2019. Desse total, 5,4% ou 4,6 milh\u00f5es de tomadores estavam em situa\u00e7\u00e3o de endividamento de risco, informou hoje (4) o BC no Relat\u00f3rio de Economia Banc\u00e1ria.<\/span><\/p>\n<p><span style=\"font-weight: 400;\">Para fazer essa an\u00e1lise, o BC considerou como endividado de risco o tomador de cr\u00e9dito que atende a dois ou mais destes crit\u00e9rios: atrasos superiores a 90 dias no pagamento das parcelas de cr\u00e9dito; comprometimento da renda mensal acima de 50% devido ao pagamento do servi\u00e7o das d\u00edvidas (pagamento de juros e amortiza\u00e7\u00f5es do valor emprestado); v\u00e1rias modalidades de cr\u00e9dito simultaneamente: cheque especial, cr\u00e9dito pessoal sem consigna\u00e7\u00e3o e cr\u00e9dito rotativo; renda dispon\u00edvel (ap\u00f3s o pagamento do servi\u00e7o das d\u00edvidas) mensal abaixo da linha de pobreza (R$ 439,03 mensais).<\/span><\/p>\n<p><b>Perfil<\/b><\/p>\n<p><span style=\"font-weight: 400;\">De acordo com o relat\u00f3rio, o percentual de endividados de risco \u00e9 crescente com a idade, atingindo 7,8% da popula\u00e7\u00e3o endividada acima de 65 anos, praticamente o dobro do observado nos tomadores com at\u00e9 34 anos (3,8%). Ou seja, dos 12,4 milh\u00f5es de tomadores de cr\u00e9dito com idade acima de 65 anos, 1 milh\u00e3o eram endividados de risco (7,8%). Entre 34 a 54 anos, o percentual \u00e9 4,9%, e entre 55 e 65 anos, 7,2%.<\/span><\/p>\n<p><span style=\"font-weight: 400;\">Quanto \u00e0 faixa de renda mensal, a classe dos tomadores com renda entre R$ 5 mil e R$ 10 mil \u00e9 a que apresenta a maior parcela de endividados de risco, 6,5%. At\u00e9 R$ 1 mil, o percentual \u00e9 5,7%, entre R$ 1 mil e R$ 2 mil, 4,7%, entre R$ 2 mil e R$ 5 mil, 5,6%, acima de R$ 10 mil, 4,7%.<\/span><\/p>\n<p>&nbsp;<\/p>\n<p><strong>Fonte:<\/strong> Ag\u00eancia Brasil<\/p>\n","protected":false},"excerpt":{"rendered":"<p>Cerca de 4,6 milh\u00f5es de endividados no Brasil devem a institui\u00e7\u00f5es financeiras mais do que podem pagar. \u00c9 o chamado, pelo Banco Central (BC), de endividamento de risco, formado por casos em que h\u00e1 inadimpl\u00eancia, comprometimento de renda, empr\u00e9stimos em v\u00e1rias modalidades e renda abaixo da linha da pobreza. No Brasil, a popula\u00e7\u00e3o com carteira [&hellip;]<\/p>\n","protected":false},"author":96,"featured_media":161705,"comment_status":"closed","ping_status":"closed","sticky":false,"template":"","format":"standard","meta":{"footnotes":""},"categories":[436,261,439],"tags":[],"class_list":["post-161704","post","type-post","status-publish","format-standard","has-post-thumbnail","hentry","category-destaque-da-semana","category-economia","category-ultima-hora"],"_links":{"self":[{"href":"https:\/\/diarioregionaldigital.com.br\/index.php?rest_route=\/wp\/v2\/posts\/161704","targetHints":{"allow":["GET"]}}],"collection":[{"href":"https:\/\/diarioregionaldigital.com.br\/index.php?rest_route=\/wp\/v2\/posts"}],"about":[{"href":"https:\/\/diarioregionaldigital.com.br\/index.php?rest_route=\/wp\/v2\/types\/post"}],"author":[{"embeddable":true,"href":"https:\/\/diarioregionaldigital.com.br\/index.php?rest_route=\/wp\/v2\/users\/96"}],"replies":[{"embeddable":true,"href":"https:\/\/diarioregionaldigital.com.br\/index.php?rest_route=%2Fwp%2Fv2%2Fcomments&post=161704"}],"version-history":[{"count":0,"href":"https:\/\/diarioregionaldigital.com.br\/index.php?rest_route=\/wp\/v2\/posts\/161704\/revisions"}],"wp:featuredmedia":[{"embeddable":true,"href":"https:\/\/diarioregionaldigital.com.br\/index.php?rest_route=\/wp\/v2\/media\/161705"}],"wp:attachment":[{"href":"https:\/\/diarioregionaldigital.com.br\/index.php?rest_route=%2Fwp%2Fv2%2Fmedia&parent=161704"}],"wp:term":[{"taxonomy":"category","embeddable":true,"href":"https:\/\/diarioregionaldigital.com.br\/index.php?rest_route=%2Fwp%2Fv2%2Fcategories&post=161704"},{"taxonomy":"post_tag","embeddable":true,"href":"https:\/\/diarioregionaldigital.com.br\/index.php?rest_route=%2Fwp%2Fv2%2Ftags&post=161704"}],"curies":[{"name":"wp","href":"https:\/\/api.w.org\/{rel}","templated":true}]}}