{"id":161701,"date":"2020-06-04T10:58:00","date_gmt":"2020-06-04T13:58:00","guid":{"rendered":"https:\/\/diarioregionaldigital.com.br\/?p=161701"},"modified":"2020-06-04T10:58:00","modified_gmt":"2020-06-04T13:58:00","slug":"proposta-remaneja-r-336-bilhoes-para-ajustar-orcamento-deste-ano","status":"publish","type":"post","link":"https:\/\/diarioregionaldigital.com.br\/?p=161701","title":{"rendered":"Proposta remaneja R$ 3,36 bilh\u00f5es para ajustar Or\u00e7amento deste ano"},"content":{"rendered":"<p><span style=\"font-weight: 400;\">O Poder Executivo encaminhou ao Congresso Nacional proposta (PLN 12\/2020) que destina cr\u00e9dito suplementar de R$ 3,36 bilh\u00f5es para a Presid\u00eancia da Rep\u00fablica, a Vice-Presid\u00eancia e 17 minist\u00e9rios. O dinheiro vir\u00e1 da anula\u00e7\u00e3o de previs\u00f5es de recursos existentes no Or\u00e7amento deste ano.<\/span><\/p>\n<p><span style=\"font-weight: 400;\">O Minist\u00e9rio da Educa\u00e7\u00e3o ser\u00e1 o principal benefici\u00e1rio do cr\u00e9dito adicional, com R$ 1,863 bilh\u00e3o (55% do total). J\u00e1 o Minist\u00e9rio do Desenvolvimento Regional ser\u00e1 a principal fonte dos recursos remanejados (R$ 1,941 bilh\u00e3o, ou 58%), mas parte da transfer\u00eancia beneficiar\u00e1 setores da pr\u00f3pria pasta (R$ 85,0 milh\u00f5es, ou 3%).<\/span><\/p>\n<p><span style=\"font-weight: 400;\">Segundo o ministro da Economia, Paulo Guedes, o remanejamento \u00e9 necess\u00e1rio para fazer frente a obriga\u00e7\u00f5es desses 19 \u00f3rg\u00e3os do Poder Executivo. O dinheiro ser\u00e1 destinado especialmente a despesas com pessoal e encargos sociais.<\/span><\/p>\n<p><span style=\"font-weight: 400;\">No Or\u00e7amento deste ano, a execu\u00e7\u00e3o financeira de alguns gastos ficou na depend\u00eancia de receitas geradas pela aprova\u00e7\u00e3o neste ano da Proposta de Emenda Constitui\u00e7\u00e3o 186\/2019, a chamada PEC Emergencial. O texto, que ainda tramita no Senado, autoriza a redu\u00e7\u00e3o da jornada dos servidores, com corte equivalente nos sal\u00e1rios. Por\u00e9m, a PEC ainda aguarda vota\u00e7\u00e3o na Comiss\u00e3o de Constitui\u00e7\u00e3o e Justi\u00e7a (CCJ), que n\u00e3o vem realizando reuni\u00f5es por conta da pandemia de covid-19.<\/span><\/p>\n<p><b>Tramita\u00e7\u00e3o<\/b><\/p>\n<p><span style=\"font-weight: 400;\">O PLN\u00a0 deve ser analisado pela Comiss\u00e3o Mista de Or\u00e7amento (CMO), que ainda n\u00e3o foi instalada nesta sess\u00e3o legislativa. Depois seguir\u00e1 para discuss\u00e3o e vota\u00e7\u00e3o por deputados e senadores em sess\u00e3o conjunta do Congresso.<\/span><\/p>\n<p><span style=\"font-weight: 400;\">Ato conjunto da C\u00e2mara dos Deputados e do Senado regulamentou a delibera\u00e7\u00e3o remota, pelo Congresso, de propostas de leis or\u00e7ament\u00e1rias enquanto durar o estado de calamidade p\u00fablica: somente projetos urgentes ser\u00e3o votados, desde que tenha a anu\u00eancia de tr\u00eas quintos dos l\u00edderes partid\u00e1rios nas duas Casas.<\/span><\/p>\n<p>&nbsp;<\/p>\n<p><strong>Fonte:<\/strong> Ag\u00eancia Senado<\/p>\n","protected":false},"excerpt":{"rendered":"<p>O Poder Executivo encaminhou ao Congresso Nacional proposta (PLN 12\/2020) que destina cr\u00e9dito suplementar de R$ 3,36 bilh\u00f5es para a Presid\u00eancia da Rep\u00fablica, a Vice-Presid\u00eancia e 17 minist\u00e9rios. O dinheiro vir\u00e1 da anula\u00e7\u00e3o de previs\u00f5es de recursos existentes no Or\u00e7amento deste ano. O Minist\u00e9rio da Educa\u00e7\u00e3o ser\u00e1 o principal benefici\u00e1rio do cr\u00e9dito adicional, com R$ [&hellip;]<\/p>\n","protected":false},"author":96,"featured_media":161702,"comment_status":"closed","ping_status":"closed","sticky":false,"template":"","format":"standard","meta":{"footnotes":""},"categories":[436,261,439],"tags":[],"class_list":["post-161701","post","type-post","status-publish","format-standard","has-post-thumbnail","hentry","category-destaque-da-semana","category-economia","category-ultima-hora"],"_links":{"self":[{"href":"https:\/\/diarioregionaldigital.com.br\/index.php?rest_route=\/wp\/v2\/posts\/161701","targetHints":{"allow":["GET"]}}],"collection":[{"href":"https:\/\/diarioregionaldigital.com.br\/index.php?rest_route=\/wp\/v2\/posts"}],"about":[{"href":"https:\/\/diarioregionaldigital.com.br\/index.php?rest_route=\/wp\/v2\/types\/post"}],"author":[{"embeddable":true,"href":"https:\/\/diarioregionaldigital.com.br\/index.php?rest_route=\/wp\/v2\/users\/96"}],"replies":[{"embeddable":true,"href":"https:\/\/diarioregionaldigital.com.br\/index.php?rest_route=%2Fwp%2Fv2%2Fcomments&post=161701"}],"version-history":[{"count":0,"href":"https:\/\/diarioregionaldigital.com.br\/index.php?rest_route=\/wp\/v2\/posts\/161701\/revisions"}],"wp:featuredmedia":[{"embeddable":true,"href":"https:\/\/diarioregionaldigital.com.br\/index.php?rest_route=\/wp\/v2\/media\/161702"}],"wp:attachment":[{"href":"https:\/\/diarioregionaldigital.com.br\/index.php?rest_route=%2Fwp%2Fv2%2Fmedia&parent=161701"}],"wp:term":[{"taxonomy":"category","embeddable":true,"href":"https:\/\/diarioregionaldigital.com.br\/index.php?rest_route=%2Fwp%2Fv2%2Fcategories&post=161701"},{"taxonomy":"post_tag","embeddable":true,"href":"https:\/\/diarioregionaldigital.com.br\/index.php?rest_route=%2Fwp%2Fv2%2Ftags&post=161701"}],"curies":[{"name":"wp","href":"https:\/\/api.w.org\/{rel}","templated":true}]}}