{"id":161675,"date":"2020-06-04T06:00:53","date_gmt":"2020-06-04T09:00:53","guid":{"rendered":"https:\/\/diarioregionaldigital.com.br\/?p=161675"},"modified":"2020-06-04T00:06:21","modified_gmt":"2020-06-04T03:06:21","slug":"finesse-2","status":"publish","type":"post","link":"https:\/\/diarioregionaldigital.com.br\/?p=161675","title":{"rendered":"Finesse"},"content":{"rendered":"<p style=\"text-align: center;\"><strong>Eventos com Live<\/strong><\/p>\n<p style=\"text-align: center;\">Neste per\u00edodo de isolamento social, AKASA, espa\u00e7o do empres\u00e1rio R\u00f4mulo Anchieta, abriu as portas para propiciar a realiza\u00e7\u00e3o de lives beneficentes e estimular a solidariedade e o entretenimento. O espa\u00e7o tem dado todo suporte em rela\u00e7\u00e3o a higiene, uso de m\u00e1scaras e \u00e1lcool gel e apresentado glamour nas transmiss\u00f5es.<\/p>\n<p style=\"text-align: center;\"><strong>Sucesso Total<\/strong><\/p>\n<p style=\"text-align: center;\">A jornalista e escritora Mal\u00fa Guilhermino est\u00e1 nas nuvens. O conto \u201co \u00faltimo drink\u201d est\u00e1 entre os 20 selecionados no 1\u00ba Concurso liter\u00e1rio da Editora Nove land com o tema \u201cPandemias\u201d. Craque nas escritas ela ter\u00e1 o lan\u00e7amento da antologia no \u2018e-book\u2019 em agosto e, em novembro, o livro f\u00edsico. Palmas para ela. Pre\u00e7o: R$150.<\/p>\n<p style=\"text-align: center;\"><strong>Finesse<\/strong><\/p>\n<p style=\"text-align: center;\">Celinho Vidal e sua \u201cV\u00f3 Chiquita\u201d \u00e9 puro refinamento, ele criou para Dia dos Namorados o box Valentine\u2019s Day. S\u00e3o 4 tartelettes de camar\u00e3o, 4 terrines de carne com cheddar e cebola caramelizada, 4 rocamboles de frango, 4 choux com queijo, tomatinho s e manjeric\u00e3o, e wraps de peito de peru e alho por\u00f3, queijo gouda, brandade de namorado com canudinhos croissant de goiabada e mouse de chocolate com coulis de frutas vermelhas.<\/p>\n<p style=\"text-align: center;\"><strong>Cultura<\/strong><\/p>\n<p style=\"text-align: center;\">Para enfrentar o momento critico na cultura em Juiz de Fora e, na preocupa\u00e7\u00e3o de per\u00edodo posterior ao isolamento social, a Pr\u00f3-reitoria de Cultura da UFJF, gestora dos equipamentos culturais da universidade como Cine-Theatro Central e Forum da Cultura, em nota de apoio \u00e0 classe art\u00edstica, comprometeu-se a estudar projetos como o do edital Luz da Terra, que oferece datas gratuitas aos produtores locais.<\/p>\n<p style=\"text-align: center;\"><span style=\"font-size: 14pt;\"><strong>Para Refletir<\/strong><\/span><\/p>\n<p style=\"text-align: center;\">Muitas pessoas querem o melhor sexo do mundo e um relacionamento fiel e incr\u00edvel, mas nem todas est\u00e3o dispostas a enfrentar as DRs, os sil\u00eancios constrangedoras, a m\u00e1goas e o drama psicol\u00f3gico necess\u00e1rio para construir isso. Ent\u00e3o se conformam. \u201cPara mudar essa situa\u00e7\u00e3o, grite\u201d<\/p>\n<div id=\"attachment_161662\" style=\"width: 690px\" class=\"wp-caption aligncenter\"><img loading=\"lazy\" decoding=\"async\" aria-describedby=\"caption-attachment-161662\" class=\"wp-image-161662\" src=\"https:\/\/diarioregionaldigital.com.br\/wp-content\/uploads\/2020\/06\/fotoc-2-e1591238612741.jpg\" alt=\"\" width=\"680\" height=\"507\" srcset=\"https:\/\/diarioregionaldigital.com.br\/wp-content\/uploads\/2020\/06\/fotoc-2-e1591238612741.jpg 669w, https:\/\/diarioregionaldigital.com.br\/wp-content\/uploads\/2020\/06\/fotoc-2-e1591238612741-300x224.jpg 300w, https:\/\/diarioregionaldigital.com.br\/wp-content\/uploads\/2020\/06\/fotoc-2-e1591238612741-360x269.jpg 360w\" sizes=\"auto, (max-width: 680px) 100vw, 680px\" \/><p id=\"caption-attachment-161662\" class=\"wp-caption-text\">Em sintonia com tesouras e maquiagens o jovem cabeleireiro Felipe Sodr\u00e9, direto de Santos Dumont para Juiz de Fora<\/p><\/div>\n<div id=\"attachment_161663\" style=\"width: 690px\" class=\"wp-caption aligncenter\"><img loading=\"lazy\" decoding=\"async\" aria-describedby=\"caption-attachment-161663\" class=\"wp-image-161663\" src=\"https:\/\/diarioregionaldigital.com.br\/wp-content\/uploads\/2020\/06\/fotoe-2-e1591238977769.jpg\" alt=\"\" width=\"680\" height=\"514\" srcset=\"https:\/\/diarioregionaldigital.com.br\/wp-content\/uploads\/2020\/06\/fotoe-2-e1591238977769.jpg 895w, https:\/\/diarioregionaldigital.com.br\/wp-content\/uploads\/2020\/06\/fotoe-2-e1591238977769-300x227.jpg 300w, https:\/\/diarioregionaldigital.com.br\/wp-content\/uploads\/2020\/06\/fotoe-2-e1591238977769-768x581.jpg 768w, https:\/\/diarioregionaldigital.com.br\/wp-content\/uploads\/2020\/06\/fotoe-2-e1591238977769-360x272.jpg 360w\" sizes=\"auto, (max-width: 680px) 100vw, 680px\" \/><p id=\"caption-attachment-161663\" class=\"wp-caption-text\">Gente querida em sintonia no Rio de Janeiro J\u00falio Lyra, Fl\u00e1via Lyra, Joelson Oliveira e Jeycow Ferraz<\/p><\/div>\n<div id=\"attachment_161664\" style=\"width: 690px\" class=\"wp-caption aligncenter\"><img loading=\"lazy\" decoding=\"async\" aria-describedby=\"caption-attachment-161664\" class=\"wp-image-161664\" src=\"https:\/\/diarioregionaldigital.com.br\/wp-content\/uploads\/2020\/06\/fotof-2-e1591238796645.jpg\" alt=\"\" width=\"680\" height=\"562\" srcset=\"https:\/\/diarioregionaldigital.com.br\/wp-content\/uploads\/2020\/06\/fotof-2-e1591238796645.jpg 715w, https:\/\/diarioregionaldigital.com.br\/wp-content\/uploads\/2020\/06\/fotof-2-e1591238796645-300x248.jpg 300w, https:\/\/diarioregionaldigital.com.br\/wp-content\/uploads\/2020\/06\/fotof-2-e1591238796645-360x298.jpg 360w\" sizes=\"auto, (max-width: 680px) 100vw, 680px\" \/><p id=\"caption-attachment-161664\" class=\"wp-caption-text\">Vers\u00e1teis e virtuais, os designer: Dada Rocha (est\u00e9tica) e Marcelus Alex (sobrancelhas)<\/p><\/div>\n<div id=\"attachment_161665\" style=\"width: 690px\" class=\"wp-caption aligncenter\"><img loading=\"lazy\" decoding=\"async\" aria-describedby=\"caption-attachment-161665\" class=\"wp-image-161665\" src=\"https:\/\/diarioregionaldigital.com.br\/wp-content\/uploads\/2020\/06\/fotog-2-e1591238749497.jpg\" alt=\"\" width=\"680\" height=\"506\" srcset=\"https:\/\/diarioregionaldigital.com.br\/wp-content\/uploads\/2020\/06\/fotog-2-e1591238749497.jpg 1541w, https:\/\/diarioregionaldigital.com.br\/wp-content\/uploads\/2020\/06\/fotog-2-e1591238749497-300x223.jpg 300w, https:\/\/diarioregionaldigital.com.br\/wp-content\/uploads\/2020\/06\/fotog-2-e1591238749497-1024x762.jpg 1024w, https:\/\/diarioregionaldigital.com.br\/wp-content\/uploads\/2020\/06\/fotog-2-e1591238749497-768x571.jpg 768w, https:\/\/diarioregionaldigital.com.br\/wp-content\/uploads\/2020\/06\/fotog-2-e1591238749497-1536x1142.jpg 1536w, https:\/\/diarioregionaldigital.com.br\/wp-content\/uploads\/2020\/06\/fotog-2-e1591238749497-360x268.jpg 360w\" sizes=\"auto, (max-width: 680px) 100vw, 680px\" \/><p id=\"caption-attachment-161665\" class=\"wp-caption-text\">Em algum lugar do passado, William Freitas e Lorena Rodrigues<\/p><\/div>\n<div id=\"attachment_161666\" style=\"width: 690px\" class=\"wp-caption aligncenter\"><img loading=\"lazy\" decoding=\"async\" aria-describedby=\"caption-attachment-161666\" class=\"wp-image-161666\" src=\"https:\/\/diarioregionaldigital.com.br\/wp-content\/uploads\/2020\/06\/fotoh-2-e1591238641124.jpg\" alt=\"\" width=\"680\" height=\"459\" srcset=\"https:\/\/diarioregionaldigital.com.br\/wp-content\/uploads\/2020\/06\/fotoh-2-e1591238641124.jpg 1360w, https:\/\/diarioregionaldigital.com.br\/wp-content\/uploads\/2020\/06\/fotoh-2-e1591238641124-300x202.jpg 300w, https:\/\/diarioregionaldigital.com.br\/wp-content\/uploads\/2020\/06\/fotoh-2-e1591238641124-1024x690.jpg 1024w, https:\/\/diarioregionaldigital.com.br\/wp-content\/uploads\/2020\/06\/fotoh-2-e1591238641124-768x518.jpg 768w, https:\/\/diarioregionaldigital.com.br\/wp-content\/uploads\/2020\/06\/fotoh-2-e1591238641124-360x243.jpg 360w\" sizes=\"auto, (max-width: 680px) 100vw, 680px\" \/><p id=\"caption-attachment-161666\" class=\"wp-caption-text\">Matando saudade da Smart Fit, os bonit\u00f5es Christian Novaes e Giulio Miranda<\/p><\/div>\n<div id=\"attachment_161667\" style=\"width: 690px\" class=\"wp-caption aligncenter\"><img loading=\"lazy\" decoding=\"async\" aria-describedby=\"caption-attachment-161667\" class=\"wp-image-161667\" src=\"https:\/\/diarioregionaldigital.com.br\/wp-content\/uploads\/2020\/06\/fotoi-1-e1591238674774.jpg\" alt=\"\" width=\"680\" height=\"469\" srcset=\"https:\/\/diarioregionaldigital.com.br\/wp-content\/uploads\/2020\/06\/fotoi-1-e1591238674774.jpg 990w, https:\/\/diarioregionaldigital.com.br\/wp-content\/uploads\/2020\/06\/fotoi-1-e1591238674774-300x207.jpg 300w, https:\/\/diarioregionaldigital.com.br\/wp-content\/uploads\/2020\/06\/fotoi-1-e1591238674774-768x530.jpg 768w, https:\/\/diarioregionaldigital.com.br\/wp-content\/uploads\/2020\/06\/fotoi-1-e1591238674774-360x248.jpg 360w, https:\/\/diarioregionaldigital.com.br\/wp-content\/uploads\/2020\/06\/fotoi-1-e1591238674774-100x70.jpg 100w\" sizes=\"auto, (max-width: 680px) 100vw, 680px\" \/><p id=\"caption-attachment-161667\" class=\"wp-caption-text\">Esperando a quarentena passar, o Mr. Jamerson James<\/p><\/div>\n<div id=\"attachment_161668\" style=\"width: 690px\" class=\"wp-caption aligncenter\"><img loading=\"lazy\" decoding=\"async\" aria-describedby=\"caption-attachment-161668\" class=\"wp-image-161668\" src=\"https:\/\/diarioregionaldigital.com.br\/wp-content\/uploads\/2020\/06\/fotoj-e1591238709287.png\" alt=\"\" width=\"680\" height=\"463\" srcset=\"https:\/\/diarioregionaldigital.com.br\/wp-content\/uploads\/2020\/06\/fotoj-e1591238709287.png 760w, https:\/\/diarioregionaldigital.com.br\/wp-content\/uploads\/2020\/06\/fotoj-e1591238709287-300x204.png 300w, https:\/\/diarioregionaldigital.com.br\/wp-content\/uploads\/2020\/06\/fotoj-e1591238709287-360x245.png 360w\" sizes=\"auto, (max-width: 680px) 100vw, 680px\" \/><p id=\"caption-attachment-161668\" class=\"wp-caption-text\">Wesley Monteiro, mostra mais um lindo trabalho como artista pl\u00e1stico<\/p><\/div>\n<p style=\"text-align: center;\"><strong>FOTOSS\u00cdNTESE<\/strong><\/p>\n<p>Hoje (4), \u00e0s 19:30 tem Live Astrologia com Juber Pac\u00edfico entrevistando Ros\u00e2ngela Rossi no Instagram @Juberpacifico.<\/p>\n<p>A presidente da Abrasel-Zona da Mata Francele Galil com seu apurad\u00edssimo bom gosto arrasa com um box de delicias em ritmo de delivery. A caixa vem recheada de doces, biscoitos, salgados e pat\u00eas com a marca de sua Singularidades. \u00d3tima op\u00e7\u00e3o para o Dia dos Namorados.<\/p>\n<p>Em busca da ampliar a inova\u00e7\u00e3o com novo conceito na ramo da beleza, o cabeleireiro, Felipe Sodr\u00e9, natural de Santos Dumont vai aterrissar em Juiz de Fora para atuar no la Bella Salon. Em breve.<\/p>\n<p>Dona cegonha aprontou de novo. Colocou na chamin\u00e9 de Louise Terto e Marcelo Maia a linda estrelinha Kamila.<\/p>\n<p>Em comemora\u00e7\u00e3o aos 170 anos de Juiz de Fora, o Mr. Tugas lan\u00e7ou a cerveja \u201c170 JF\u201d, com leve sabor e deliciosa para degustar com as pizzas do lugar.<\/p>\n<p>Produzido em parceria com JF Sudeste, o Sebrae realizou no Sympla o \u201cShare experience: desafios e oportunidades para startups\u201d. Participaram, os especialistas Rodrigo Schittini, Thelma Valverde e Leandro Campos.<\/p>\n<p>Estreou com sucesso o programa \u201cCNN S\u00e9ries Originais\u201d com talentoso jornalista Evaristo Costa. Direto da CNN Brasil, o primeiro epis\u00f3dio da s\u00e9rie de document\u00e1rios foi \u201cOs anos bush\u201d, que revelou a hist\u00f3ria de uma das mais poderosas e influentes fam\u00edlias do mundo.<\/p>\n<p>Usando o instagram @petit.gastro, a eficiente Raphaela Guilhermino lan\u00e7ou deliciosos risotos e crepes em seu Petit Gastr\u00f4. O delivery vem pelo Ifood, Rappi e Robin Food.<\/p>\n<p>Out: Fazer filantropia para aparecer. Ningu\u00e9m merece!!!<\/p>\n<p>Olha S\u00f3: depois que a pandemia passar vamos apreciar cada vez mais as coisas simples da vida: o prazer de ter amigos, de criar alguma coisa, de ajudar algu\u00e9m em necessidade, de ler um bom livro, de rir com algu\u00e9m de que voc\u00ea gosta. Isso \u00e9 vida! Bom dia.<\/p>\n<p><img loading=\"lazy\" decoding=\"async\" class=\"aligncenter size-full wp-image-161676\" src=\"https:\/\/diarioregionaldigital.com.br\/wp-content\/uploads\/2020\/06\/anuncio76-scaled.jpg\" alt=\"\" width=\"2560\" height=\"970\" srcset=\"https:\/\/diarioregionaldigital.com.br\/wp-content\/uploads\/2020\/06\/anuncio76-scaled.jpg 2560w, https:\/\/diarioregionaldigital.com.br\/wp-content\/uploads\/2020\/06\/anuncio76-300x114.jpg 300w, https:\/\/diarioregionaldigital.com.br\/wp-content\/uploads\/2020\/06\/anuncio76-1024x388.jpg 1024w, https:\/\/diarioregionaldigital.com.br\/wp-content\/uploads\/2020\/06\/anuncio76-768x291.jpg 768w, https:\/\/diarioregionaldigital.com.br\/wp-content\/uploads\/2020\/06\/anuncio76-1536x582.jpg 1536w, https:\/\/diarioregionaldigital.com.br\/wp-content\/uploads\/2020\/06\/anuncio76-2048x776.jpg 2048w, https:\/\/diarioregionaldigital.com.br\/wp-content\/uploads\/2020\/06\/anuncio76-360x136.jpg 360w\" sizes=\"auto, (max-width: 2560px) 100vw, 2560px\" \/><\/p>\n","protected":false},"excerpt":{"rendered":"<p>Eventos com Live Neste per\u00edodo de isolamento social, AKASA, espa\u00e7o do empres\u00e1rio R\u00f4mulo Anchieta, abriu as portas para propiciar a realiza\u00e7\u00e3o de lives beneficentes e estimular a solidariedade e o entretenimento. O espa\u00e7o tem dado todo suporte em rela\u00e7\u00e3o a higiene, uso de m\u00e1scaras e \u00e1lcool gel e apresentado glamour nas transmiss\u00f5es. Sucesso Total A [&hellip;]<\/p>\n","protected":false},"author":96,"featured_media":161662,"comment_status":"closed","ping_status":"closed","sticky":false,"template":"","format":"standard","meta":{"footnotes":""},"categories":[264],"tags":[],"class_list":["post-161675","post","type-post","status-publish","format-standard","has-post-thumbnail","hentry","category-eduardo-gomes"],"_links":{"self":[{"href":"https:\/\/diarioregionaldigital.com.br\/index.php?rest_route=\/wp\/v2\/posts\/161675","targetHints":{"allow":["GET"]}}],"collection":[{"href":"https:\/\/diarioregionaldigital.com.br\/index.php?rest_route=\/wp\/v2\/posts"}],"about":[{"href":"https:\/\/diarioregionaldigital.com.br\/index.php?rest_route=\/wp\/v2\/types\/post"}],"author":[{"embeddable":true,"href":"https:\/\/diarioregionaldigital.com.br\/index.php?rest_route=\/wp\/v2\/users\/96"}],"replies":[{"embeddable":true,"href":"https:\/\/diarioregionaldigital.com.br\/index.php?rest_route=%2Fwp%2Fv2%2Fcomments&post=161675"}],"version-history":[{"count":0,"href":"https:\/\/diarioregionaldigital.com.br\/index.php?rest_route=\/wp\/v2\/posts\/161675\/revisions"}],"wp:featuredmedia":[{"embeddable":true,"href":"https:\/\/diarioregionaldigital.com.br\/index.php?rest_route=\/wp\/v2\/media\/161662"}],"wp:attachment":[{"href":"https:\/\/diarioregionaldigital.com.br\/index.php?rest_route=%2Fwp%2Fv2%2Fmedia&parent=161675"}],"wp:term":[{"taxonomy":"category","embeddable":true,"href":"https:\/\/diarioregionaldigital.com.br\/index.php?rest_route=%2Fwp%2Fv2%2Fcategories&post=161675"},{"taxonomy":"post_tag","embeddable":true,"href":"https:\/\/diarioregionaldigital.com.br\/index.php?rest_route=%2Fwp%2Fv2%2Ftags&post=161675"}],"curies":[{"name":"wp","href":"https:\/\/api.w.org\/{rel}","templated":true}]}}