{"id":161670,"date":"2020-06-03T23:30:58","date_gmt":"2020-06-04T02:30:58","guid":{"rendered":"https:\/\/diarioregionaldigital.com.br\/?p=161670"},"modified":"2020-06-03T23:30:58","modified_gmt":"2020-06-04T02:30:58","slug":"covid-19-brasil-tem-584-016-casos-confirmados-e-32-548-mortes","status":"publish","type":"post","link":"https:\/\/diarioregionaldigital.com.br\/?p=161670","title":{"rendered":"Covid-19: Brasil tem 584.016 casos confirmados e 32.548 mortes"},"content":{"rendered":"<p>O balan\u00e7o divulgado no fim da noite desta quarta-feira (3)\u00a0pelo Minist\u00e9rio da Sa\u00fade trouxe 28.633 novas pessoas infectadas com o novo coronav\u00edrus, totalizando 584.016. O resultado marcou um acr\u00e9scimo de 4,9% em rela\u00e7\u00e3o a\u00a0ontem\u00a0(2), quando o n\u00famero de pessoas infectadas estava em 555.383.<\/p>\n<p>Segundo o Minist\u00e9rio da Sa\u00fade, foram registradas\u00a01.349 novas mortes nas \u00faltimas 24 horas, chegando a 32.548. O resultado representou um aumento de 4,1% em rela\u00e7\u00e3o a\u00a0ontem, quando foram contabilizados 31.199 falecimentos por covid-19.<\/p>\n<p>Do total de casos confirmados, 312.851 est\u00e3o em acompanhamento e 238.617 foram recuperados. H\u00e1 ainda 4.115 \u00f3bitos sendo analisados.<\/p>\n<p>S\u00e3o Paulo se mant\u00e9m como epicentro da pandemia no pa\u00eds, concentrando o maior n\u00famero de falecimentos (8.276). O estado \u00e9 seguido pelo Rio\u00a0de Janeiro\u00a0(6.010), Cear\u00e1 (3.605), Par\u00e1 (3.193) e Pernambuco (3.012).<\/p>\n<p>Al\u00e9m disso, foram registradas mortes no Amazonas (2.138), Maranh\u00e3o (1.028), Bahia (762), Esp\u00edrito Santo (698), Alagoas (506), Para\u00edba (414), Rio Grande do Norte (367), Minas Gerais (306), Rio Grande do Sul (258), Amap\u00e1 (247), Paran\u00e1 (205),\u00a0Distrito Federal (191),\u00a0Piau\u00ed (192), Rond\u00f4nia (180),\u00a0Sergipe (180),\u00a0Santa Catarina (152), Acre (171), Goi\u00e1s (155), Roraima (124), Tocantins (82), Mato Grosso (76) e Mato Grosso do Sul (20).<\/p>\n<p>J\u00e1 em n\u00famero de casos confirmados, o\u00a0ranking\u00a0tem S\u00e3o Paulo (123.483), Rio\u00a0de Janeiro\u00a0(59.240), Cear\u00e1 (56.056), Par\u00e1 (44.774) e Amazonas (44.347). Entre as unidades da federa\u00e7\u00e3o com mais pessoas infectadas est\u00e3o ainda Maranh\u00e3o (38.174), Pernambuco (36.463), Bahia (22.451), Esp\u00edrito Santo (16.121) e\u00a0Para\u00edba\u00a0(16.018).<\/p>\n<div class=\"dnd-atom-rendered\"><\/div>\n<div><strong>Fonte:\u00a0<\/strong>Ag\u00eancia Brasil<\/div>\n","protected":false},"excerpt":{"rendered":"<p>O balan\u00e7o divulgado no fim da noite desta quarta-feira (3)\u00a0pelo Minist\u00e9rio da Sa\u00fade trouxe 28.633 novas pessoas infectadas com o novo coronav\u00edrus, totalizando 584.016. O resultado marcou um acr\u00e9scimo de 4,9% em rela\u00e7\u00e3o a\u00a0ontem\u00a0(2), quando o n\u00famero de pessoas infectadas estava em 555.383. Segundo o Minist\u00e9rio da Sa\u00fade, foram registradas\u00a01.349 novas mortes nas \u00faltimas 24 [&hellip;]<\/p>\n","protected":false},"author":96,"featured_media":161671,"comment_status":"closed","ping_status":"closed","sticky":false,"template":"","format":"standard","meta":{"footnotes":""},"categories":[302,436,440,439],"tags":[],"class_list":["post-161670","post","type-post","status-publish","format-standard","has-post-thumbnail","hentry","category-brasil-mundo","category-destaque-da-semana","category-destaques-do-dia","category-ultima-hora"],"_links":{"self":[{"href":"https:\/\/diarioregionaldigital.com.br\/index.php?rest_route=\/wp\/v2\/posts\/161670","targetHints":{"allow":["GET"]}}],"collection":[{"href":"https:\/\/diarioregionaldigital.com.br\/index.php?rest_route=\/wp\/v2\/posts"}],"about":[{"href":"https:\/\/diarioregionaldigital.com.br\/index.php?rest_route=\/wp\/v2\/types\/post"}],"author":[{"embeddable":true,"href":"https:\/\/diarioregionaldigital.com.br\/index.php?rest_route=\/wp\/v2\/users\/96"}],"replies":[{"embeddable":true,"href":"https:\/\/diarioregionaldigital.com.br\/index.php?rest_route=%2Fwp%2Fv2%2Fcomments&post=161670"}],"version-history":[{"count":0,"href":"https:\/\/diarioregionaldigital.com.br\/index.php?rest_route=\/wp\/v2\/posts\/161670\/revisions"}],"wp:featuredmedia":[{"embeddable":true,"href":"https:\/\/diarioregionaldigital.com.br\/index.php?rest_route=\/wp\/v2\/media\/161671"}],"wp:attachment":[{"href":"https:\/\/diarioregionaldigital.com.br\/index.php?rest_route=%2Fwp%2Fv2%2Fmedia&parent=161670"}],"wp:term":[{"taxonomy":"category","embeddable":true,"href":"https:\/\/diarioregionaldigital.com.br\/index.php?rest_route=%2Fwp%2Fv2%2Fcategories&post=161670"},{"taxonomy":"post_tag","embeddable":true,"href":"https:\/\/diarioregionaldigital.com.br\/index.php?rest_route=%2Fwp%2Fv2%2Ftags&post=161670"}],"curies":[{"name":"wp","href":"https:\/\/api.w.org\/{rel}","templated":true}]}}