{"id":161659,"date":"2020-06-03T18:56:31","date_gmt":"2020-06-03T21:56:31","guid":{"rendered":"https:\/\/diarioregionaldigital.com.br\/?p=161659"},"modified":"2020-06-03T18:56:31","modified_gmt":"2020-06-03T21:56:31","slug":"pcmg-prende-suspeitos-de-latrocinio-em-tocantins","status":"publish","type":"post","link":"https:\/\/diarioregionaldigital.com.br\/?p=161659","title":{"rendered":"PCMG prende suspeitos de latroc\u00ednio em Tocantins"},"content":{"rendered":"<p>Nesta semana, a Pol\u00edcia Civil de Minas Gerais prendeu tr\u00eas homens e uma mulher, no munic\u00edpio de Tocantins, suspeitos de envolvimento em um latroc\u00ednio (roubo seguido de morte), ocorrido no dia 11 de mar\u00e7o do \u00faltimo ano, na regi\u00e3o central do munic\u00edpio. Na ocasi\u00e3o, um idoso, de 69 anos, dono de um posto de combust\u00edveis, foi at\u00e9 uma ag\u00eancia banc\u00e1ria da cidade, com um malote contendo, aproximadamente, R$120 mil, quando teria sido abordado por suspeitos e reagido ao roubo. Na \u00e9poca, a v\u00edtima foi atingida com disparos de arma de fogo, encaminhada ao hospital e, ap\u00f3s dias internada, n\u00e3o resistiu.<\/p>\n<p>Conforme informa\u00e7\u00f5es do Delegado Vin\u00edcius Batista Soran\u00e7o, dois mandados de pris\u00e3o foram cumpridos na segunda-feira (1\u00ba), j\u00e1 as outras pris\u00f5es foram efetuadas na ter\u00e7a (02) e nesta quarta-feira (03), ap\u00f3s investiga\u00e7\u00f5es realizadas pela Pol\u00edcia Civil em Tocantins. \u201cTamb\u00e9m cumprimos mandados de busca e apreens\u00e3o e recuperamos a quantia de R$20 mil,\u201d, destacou.<\/p>\n<p>Ainda de acordo com a autoridade policial, os suspeitos foram encaminhados ao sistema prisional e se encontram \u00e0 disposi\u00e7\u00e3o da Justi\u00e7a.<\/p>\n<p>&nbsp;<\/p>\n<p><strong>Fonte:\u00a0<\/strong>Assessoria<\/p>\n","protected":false},"excerpt":{"rendered":"<p>Nesta semana, a Pol\u00edcia Civil de Minas Gerais prendeu tr\u00eas homens e uma mulher, no munic\u00edpio de Tocantins, suspeitos de envolvimento em um latroc\u00ednio (roubo seguido de morte), ocorrido no dia 11 de mar\u00e7o do \u00faltimo ano, na regi\u00e3o central do munic\u00edpio. Na ocasi\u00e3o, um idoso, de 69 anos, dono de um posto de combust\u00edveis, [&hellip;]<\/p>\n","protected":false},"author":96,"featured_media":161269,"comment_status":"closed","ping_status":"closed","sticky":false,"template":"","format":"standard","meta":{"footnotes":""},"categories":[301,436,439],"tags":[],"class_list":["post-161659","post","type-post","status-publish","format-standard","has-post-thumbnail","hentry","category-artigos-policiais","category-destaque-da-semana","category-ultima-hora"],"_links":{"self":[{"href":"https:\/\/diarioregionaldigital.com.br\/index.php?rest_route=\/wp\/v2\/posts\/161659","targetHints":{"allow":["GET"]}}],"collection":[{"href":"https:\/\/diarioregionaldigital.com.br\/index.php?rest_route=\/wp\/v2\/posts"}],"about":[{"href":"https:\/\/diarioregionaldigital.com.br\/index.php?rest_route=\/wp\/v2\/types\/post"}],"author":[{"embeddable":true,"href":"https:\/\/diarioregionaldigital.com.br\/index.php?rest_route=\/wp\/v2\/users\/96"}],"replies":[{"embeddable":true,"href":"https:\/\/diarioregionaldigital.com.br\/index.php?rest_route=%2Fwp%2Fv2%2Fcomments&post=161659"}],"version-history":[{"count":0,"href":"https:\/\/diarioregionaldigital.com.br\/index.php?rest_route=\/wp\/v2\/posts\/161659\/revisions"}],"wp:featuredmedia":[{"embeddable":true,"href":"https:\/\/diarioregionaldigital.com.br\/index.php?rest_route=\/wp\/v2\/media\/161269"}],"wp:attachment":[{"href":"https:\/\/diarioregionaldigital.com.br\/index.php?rest_route=%2Fwp%2Fv2%2Fmedia&parent=161659"}],"wp:term":[{"taxonomy":"category","embeddable":true,"href":"https:\/\/diarioregionaldigital.com.br\/index.php?rest_route=%2Fwp%2Fv2%2Fcategories&post=161659"},{"taxonomy":"post_tag","embeddable":true,"href":"https:\/\/diarioregionaldigital.com.br\/index.php?rest_route=%2Fwp%2Fv2%2Ftags&post=161659"}],"curies":[{"name":"wp","href":"https:\/\/api.w.org\/{rel}","templated":true}]}}