{"id":161656,"date":"2020-06-03T18:53:11","date_gmt":"2020-06-03T21:53:11","guid":{"rendered":"https:\/\/diarioregionaldigital.com.br\/?p=161656"},"modified":"2020-06-03T18:53:11","modified_gmt":"2020-06-03T21:53:11","slug":"secretaria-de-saude-explica-metodos-para-projecoes-da-covid-19","status":"publish","type":"post","link":"https:\/\/diarioregionaldigital.com.br\/?p=161656","title":{"rendered":"Secretaria de Sa\u00fade explica m\u00e9todos para proje\u00e7\u00f5es da covid-19"},"content":{"rendered":"<p>Em coletiva virtual realizada nesta quarta-feira (3), a Secretaria de Estado de Sa\u00fade (SES-MG)\u00a0explicou como funcionam as proje\u00e7\u00f5es para covid-19 em Minas Gerais, a partir da atualiza\u00e7\u00e3o feita pelas equipes da secretaria. O\u00a0secret\u00e1rio Carlos Eduardo Amaral falou sobre alguns pontos da\u00a0estrat\u00e9gia tra\u00e7ada\u00a0conforme a situa\u00e7\u00e3o do cen\u00e1rio epidemiol\u00f3gico.<\/p>\n<p>De acordo com o secret\u00e1rio, no in\u00edcio de mar\u00e7o, as refer\u00eancias eram um banco de dados com os casos registrados no Brasil, e tamb\u00e9m a tend\u00eancia nacional no que se referia \u00e0 pandemia. Como Minas Gerais ainda n\u00e3o apresentava um n\u00famero significativo de casos de covid-19, a proje\u00e7\u00e3o era baseada no n\u00famero nacional, mas com o recorte da popula\u00e7\u00e3o do estado.<\/p>\n<p>\u201cIsso nos dava uma ideia do quantitativo de casos que ter\u00edamos e do momento em que ter\u00edamos o pico da doen\u00e7a. Posteriormente, passamos a fazer um ajuste semanal nessas an\u00e1lises. Tal ajuste nos trouxe uma interfer\u00eancia grande, que foi o isolamento praticado em Minas Gerais. Essa estrat\u00e9gia mudou consideravelmente a quantidade de casos projetados e tamb\u00e9m a data em que ter\u00edamos pico da doen\u00e7a\u201d, pontua Carlos Eduardo Amaral.<\/p>\n<p>Com o passar do tempo, Minas Gerais passou a ter um quantitativo de casos mais significativo, o que tornou poss\u00edvel an\u00e1lise mais precisa do cen\u00e1rio mineiro. \u201cEnt\u00e3o, n\u00f3s passamos a ter outras proje\u00e7\u00f5es, mais precisas e mais confi\u00e1veis que as anteriores, uma vez que era mais espec\u00edfica para o estado\u201d, esclarece o secret\u00e1rio.<\/p>\n<p>Atualmente, \u00e9 feito um acompanhamento predominantemente da proje\u00e7\u00e3o de Minas Gerais, com a tend\u00eancia mineira. De acordo com Carlos Eduardo Amaral, neste contexto, a estimativa de pico \u00e9 apontada para meados de julho. \u201cAs proje\u00e7\u00f5es s\u00e3o uma importante ferramenta de gest\u00e3o, pois nos d\u00e3o uma ideia de onde e quando devemos interferir\u201d, observa.<\/p>\n<p><b>Amplia\u00e7\u00e3o da testagem<\/b><\/p>\n<p>No que se refere \u00e0 testagem para covid-19, Carlos Eduardo Amaral explica que na rede p\u00fablica existe um rigor quanto \u00e0 indica\u00e7\u00e3o para testagem. Atualmente, se enquadram nessa indica\u00e7\u00e3o os casos de pessoas que ficaram internadas com suspeita da doen\u00e7a, casos de S\u00edndrome Respirat\u00f3ria Aguda Grave (SRAG) ou de pessoas internadas em terapia intensiva com suspeita de coronav\u00edrus, profissionais da Sa\u00fade, profissionais da Seguran\u00e7a P\u00fablica, restritos de liberdade, asilados e a popula\u00e7\u00e3o ind\u00edgena.<\/p>\n<p>J\u00e1 na rede privada, al\u00e9m de atender hospitais privados, os laborat\u00f3rios particulares atendem \u00e0 demanda espont\u00e2nea de consult\u00f3rios que apresentam a solicita\u00e7\u00e3o da testagem. \u201cPor isso, naturalmente, a rede privada tende a ter um espectro maior de testagem. Hoje, n\u00f3s temos testados na rede p\u00fablica 22.443 casos e, na rede privada, 28.823 casos. Entendemos ser poss\u00edvel que a rede privada continue aumentando o n\u00famero de testes, uma vez que contam com uma flexibilidade maior no sentido da indica\u00e7\u00e3o para testagem\u201d, pontua o secret\u00e1rio.<\/p>\n<p>Ainda segundo Amaral, a rede p\u00fablica vem ampliando as indica\u00e7\u00f5es de testagem. \u201cInicialmente, n\u00e3o havia indica\u00e7\u00e3o para todos os profissionais da Seguran\u00e7a P\u00fablica (apenas para os sintom\u00e1ticos), para os restritos de liberdade e para os asilados. Ent\u00e3o, \u00e0 medida que tivermos cada vez mais seguran\u00e7a do n\u00e3o desabastecimento de testes, iremos ampliando os p\u00fablicos poss\u00edveis de serem testados\u201d, destaca.<\/p>\n<p>Quanto ao aumento de registros, o secret\u00e1rio ressalta\u00a0que \u201co n\u00famero de casos somente ir\u00e1 baixar se tivermos um isolamento social muito significativo ou se chegarmos ao topo, quando praticamente 60% da popula\u00e7\u00e3o j\u00e1 tiver sido contaminada, gerando, assim, um mecanismo de barreira atrav\u00e9s da chamada imunidade de rebanho\u201d. O secret\u00e1rio esclarece, tamb\u00e9m, que o aumento de testagem foi outro fator que contribuiu para o aumento significativo no n\u00famero de casos confirmados.<\/p>\n<p><b>Alinhamento com munic\u00edpios<\/b><\/p>\n<p>Durante a coletiva, o chefe de Gabinete da SES-MG, Jo\u00e3o Pinho, falou sobre o alinhamento de a\u00e7\u00f5es e conduta realizado entre o Estado e os munic\u00edpios frente \u00e0 covid-19.<\/p>\n<p>\u201cIniciamos na semana passada uma s\u00e9rie de reuni\u00f5es com as macrorregionais, com objetivo de sensibilizar cada uma das regi\u00f5es, e traz\u00ea-las para o distanciamento entendido como adequado neste momento. Sabemos que existem realidades locais, mas, nessas conversas, desenvolvemos um direcionamento conjunto e buscamos entender qual a melhor forma de agir frente \u00e0 situa\u00e7\u00e3o naquela regi\u00e3o de forma mais efetiva\u201d, esclarece Pinho.<\/p>\n<p><b>Sa\u00fade Digital<\/b><\/p>\n<p>Minas Gerais conta, hoje, com servi\u00e7o de telemedicina, que pode ser acessado pelo aplicativo\u00a0Sa\u00fade Digital MG Covid-19. Por meio desse app, o usu\u00e1rio pode fazer uma checagem pessoal baseada em intelig\u00eancia artificial. Essa checagem servir\u00e1 para dar uma ideia se \u00e9 um caso poss\u00edvel de covid-19 ou n\u00e3o. A partir do resultado, o pr\u00f3prio aplicativo j\u00e1 d\u00e1 um direcionamento ao cidad\u00e3o.<\/p>\n<p>O app, que j\u00e1 est\u00e1 dispon\u00edvel para o sistema operacional Android, tamb\u00e9m estar\u00e1 apto \u00e0 plataforma iOS a partir da pr\u00f3xima semana. A SES-MG ressalta que, pelo aplicativo, a pessoa pode fazer a checagem mais de uma vez, o que tamb\u00e9m d\u00e1 um acompanhamento dos usu\u00e1rios.<\/p>\n<p>\u201cGostaria de pedir que todos baixem o aplicativo e fa\u00e7am uma checagem, uma vez que isso nos dar\u00e1 uma ideia de amostragem importante neste momento\u201d, orienta o secret\u00e1rio Carlos Eduardo Amaral.<\/p>\n<p>&nbsp;<\/p>\n<p><strong>Fonte:\u00a0<\/strong>Ag\u00eancia Minas<\/p>\n","protected":false},"excerpt":{"rendered":"<p>Em coletiva virtual realizada nesta quarta-feira (3), a Secretaria de Estado de Sa\u00fade (SES-MG)\u00a0explicou como funcionam as proje\u00e7\u00f5es para covid-19 em Minas Gerais, a partir da atualiza\u00e7\u00e3o feita pelas equipes da secretaria. O\u00a0secret\u00e1rio Carlos Eduardo Amaral falou sobre alguns pontos da\u00a0estrat\u00e9gia tra\u00e7ada\u00a0conforme a situa\u00e7\u00e3o do cen\u00e1rio epidemiol\u00f3gico. De acordo com o secret\u00e1rio, no in\u00edcio de [&hellip;]<\/p>\n","protected":false},"author":96,"featured_media":161657,"comment_status":"closed","ping_status":"closed","sticky":false,"template":"","format":"standard","meta":{"footnotes":""},"categories":[436,254,439],"tags":[],"class_list":["post-161656","post","type-post","status-publish","format-standard","has-post-thumbnail","hentry","category-destaque-da-semana","category-politica","category-ultima-hora"],"_links":{"self":[{"href":"https:\/\/diarioregionaldigital.com.br\/index.php?rest_route=\/wp\/v2\/posts\/161656","targetHints":{"allow":["GET"]}}],"collection":[{"href":"https:\/\/diarioregionaldigital.com.br\/index.php?rest_route=\/wp\/v2\/posts"}],"about":[{"href":"https:\/\/diarioregionaldigital.com.br\/index.php?rest_route=\/wp\/v2\/types\/post"}],"author":[{"embeddable":true,"href":"https:\/\/diarioregionaldigital.com.br\/index.php?rest_route=\/wp\/v2\/users\/96"}],"replies":[{"embeddable":true,"href":"https:\/\/diarioregionaldigital.com.br\/index.php?rest_route=%2Fwp%2Fv2%2Fcomments&post=161656"}],"version-history":[{"count":0,"href":"https:\/\/diarioregionaldigital.com.br\/index.php?rest_route=\/wp\/v2\/posts\/161656\/revisions"}],"wp:featuredmedia":[{"embeddable":true,"href":"https:\/\/diarioregionaldigital.com.br\/index.php?rest_route=\/wp\/v2\/media\/161657"}],"wp:attachment":[{"href":"https:\/\/diarioregionaldigital.com.br\/index.php?rest_route=%2Fwp%2Fv2%2Fmedia&parent=161656"}],"wp:term":[{"taxonomy":"category","embeddable":true,"href":"https:\/\/diarioregionaldigital.com.br\/index.php?rest_route=%2Fwp%2Fv2%2Fcategories&post=161656"},{"taxonomy":"post_tag","embeddable":true,"href":"https:\/\/diarioregionaldigital.com.br\/index.php?rest_route=%2Fwp%2Fv2%2Ftags&post=161656"}],"curies":[{"name":"wp","href":"https:\/\/api.w.org\/{rel}","templated":true}]}}