{"id":161653,"date":"2020-06-03T18:35:44","date_gmt":"2020-06-03T21:35:44","guid":{"rendered":"https:\/\/diarioregionaldigital.com.br\/?p=161653"},"modified":"2020-06-03T18:35:44","modified_gmt":"2020-06-03T21:35:44","slug":"pcmg-apreende-grande-quantidade-de-anabolizantes-em-juiz-de-fora","status":"publish","type":"post","link":"https:\/\/diarioregionaldigital.com.br\/?p=161653","title":{"rendered":"PCMG apreende grande quantidade de anabolizantes em Juiz de Fora"},"content":{"rendered":"<p><span style=\"font-weight: 400;\">A Pol\u00edcia Civil de Minas Gerais (PCMG), desencadeou nessa quarta-feira (3), uma opera\u00e7\u00e3o que resultou na apreens\u00e3o de uma grande quantidade de anabolizantes e de um professor de educa\u00e7\u00e3o f\u00edsica de 34 anos, em uma resid\u00eancia no Bairro Santa Efig\u00eania em Juiz de Fora.<\/span><\/p>\n<p><span style=\"font-weight: 400;\">As investiga\u00e7\u00f5es sobre o caso tiveram in\u00edcio no \u00faltimo m\u00eas e os policiais chegaram a conclus\u00e3o de que o professor de educa\u00e7\u00e3o f\u00edsica estaria cursando Nutri\u00e7\u00e3o e prestava servi\u00e7o como personal trainer em diversas academias de Juiz de Fora.<\/span><\/p>\n<p><span style=\"font-weight: 400;\">Segundo o Titular da Delegacia Especializada Antidrogas, Delegado Rafael Gomes, as dilig\u00eancias foram poss\u00edveis, ap\u00f3s investiga\u00e7\u00f5es realizadas pela Delegacia Especializada Antidrogas em Juiz de Fora, com apoio e troca de informa\u00e7\u00f5es com o Departamento Estadual de Combate do Narcotr\u00e1fico (Denarc) em Belo Horizonte. Segundo o Delegado, as apura\u00e7\u00f5es indicaram que o pr\u00f3prio professor seria o respons\u00e1vel pela venda, prescri\u00e7\u00e3o e aplica\u00e7\u00e3o de anabolizantes:<\/span><\/p>\n<p><span style=\"font-weight: 400;\">\u201cNossas investiga\u00e7\u00f5es apontaram que muitas vezes ele realizava estas a\u00e7\u00f5es dentro de academias pela cidade. Desde ent\u00e3o estamos acompanhando essa rotina desse indiv\u00edduo. Ap\u00f3s uma breve campana, n\u00f3s observamos que o indiv\u00edduo acabara de receber duas caixas por interm\u00e9dio de servi\u00e7os de entrega\u201d.<\/span><\/p>\n<p><span style=\"font-weight: 400;\">Diante dos fatos, os policiais tiveram \u00eaxito em prender o autor em flagrante e consequentemente apreender os materiais. Segundo o Delegado, os anabolizantes foram avaliados em cerca de R$11mil:<\/span><\/p>\n<p><span style=\"font-weight: 400;\">\u201cForam encontrados tamb\u00e9m a quantia de R$5 mil em moeda corrente, dentre diversos outros materiais, tais como seringas, agulhas, algod\u00e3o, agenda com anota\u00e7\u00f5es e um celular\u201d.\u00a0<\/span><\/p>\n<p><span style=\"font-weight: 400;\">Ainda conforme a autoridade policial, o homem foi preso em flagrante e encaminhado \u00e0 unidade policial. Posteriormente, foi conduzido at\u00e9 o sistema prisional, permanecendo \u00e0 disposi\u00e7\u00e3o da Justi\u00e7a.<\/span><\/p>\n","protected":false},"excerpt":{"rendered":"<p>A Pol\u00edcia Civil de Minas Gerais (PCMG), desencadeou nessa quarta-feira (3), uma opera\u00e7\u00e3o que resultou na apreens\u00e3o de uma grande quantidade de anabolizantes e de um professor de educa\u00e7\u00e3o f\u00edsica de 34 anos, em uma resid\u00eancia no Bairro Santa Efig\u00eania em Juiz de Fora. As investiga\u00e7\u00f5es sobre o caso tiveram in\u00edcio no \u00faltimo m\u00eas e [&hellip;]<\/p>\n","protected":false},"author":96,"featured_media":161654,"comment_status":"closed","ping_status":"closed","sticky":false,"template":"","format":"standard","meta":{"footnotes":""},"categories":[301,436,439],"tags":[],"class_list":["post-161653","post","type-post","status-publish","format-standard","has-post-thumbnail","hentry","category-artigos-policiais","category-destaque-da-semana","category-ultima-hora"],"_links":{"self":[{"href":"https:\/\/diarioregionaldigital.com.br\/index.php?rest_route=\/wp\/v2\/posts\/161653","targetHints":{"allow":["GET"]}}],"collection":[{"href":"https:\/\/diarioregionaldigital.com.br\/index.php?rest_route=\/wp\/v2\/posts"}],"about":[{"href":"https:\/\/diarioregionaldigital.com.br\/index.php?rest_route=\/wp\/v2\/types\/post"}],"author":[{"embeddable":true,"href":"https:\/\/diarioregionaldigital.com.br\/index.php?rest_route=\/wp\/v2\/users\/96"}],"replies":[{"embeddable":true,"href":"https:\/\/diarioregionaldigital.com.br\/index.php?rest_route=%2Fwp%2Fv2%2Fcomments&post=161653"}],"version-history":[{"count":0,"href":"https:\/\/diarioregionaldigital.com.br\/index.php?rest_route=\/wp\/v2\/posts\/161653\/revisions"}],"wp:featuredmedia":[{"embeddable":true,"href":"https:\/\/diarioregionaldigital.com.br\/index.php?rest_route=\/wp\/v2\/media\/161654"}],"wp:attachment":[{"href":"https:\/\/diarioregionaldigital.com.br\/index.php?rest_route=%2Fwp%2Fv2%2Fmedia&parent=161653"}],"wp:term":[{"taxonomy":"category","embeddable":true,"href":"https:\/\/diarioregionaldigital.com.br\/index.php?rest_route=%2Fwp%2Fv2%2Fcategories&post=161653"},{"taxonomy":"post_tag","embeddable":true,"href":"https:\/\/diarioregionaldigital.com.br\/index.php?rest_route=%2Fwp%2Fv2%2Ftags&post=161653"}],"curies":[{"name":"wp","href":"https:\/\/api.w.org\/{rel}","templated":true}]}}